{"id":1547084,"date":"2024-03-25T11:14:52","date_gmt":"2024-03-25T11:14:52","guid":{"rendered":"https:\/\/culture.ixelles.be\/?p=1547084"},"modified":"2024-06-27T12:53:29","modified_gmt":"2024-06-27T12:53:29","slug":"look-matonge","status":"publish","type":"post","link":"https:\/\/culture.ixelles.be\/en\/look-matonge\/","title":{"rendered":"Look @ Matonge"},"content":{"rendered":"<div class=\"wpb-content-wrapper\"><div style=\"margin-top: 0px; margin-bottom: 0px;\" class=\"sharethis-inline-share-buttons\" ><\/div><p>[vc_row][vc_column][vc_column_text]Come celebrate the \ud83c\udf89 cultural vibrancy and dynamism of the Matong\u00e9 neighborhood, emblematic of the diversity of Ixelles!<\/p>\n<p>&nbsp;<\/p>\n<p>The Look@Matonge festival offers you a rich program of activities, entirely free, starting from June 24th with the highlight being Saturday, June 29th. Enjoy \ud83c\udfb6 concerts, guided tours \ud83d\udeb6\u200d\u2642\ufe0f, \ud83c\udfa5 films, \ud83d\uddbc\ufe0f exhibitions, children&#8217;s workshops \ud83c\udfa8, and debates for everyone! \ud83c\udf1f<\/p>\n<p>&nbsp;<\/p>\n<p>See you on Saturday, <strong>June 29th, from 12 to 10 pm<\/strong>, in and around Chauss\u00e9e de Wavre.<\/p>\n<p>[\/vc_column_text][vc_column_text]<\/p>\n<h2>Program<\/h2>\n<p>[\/vc_column_text][\/vc_column][\/vc_row][vc_row][vc_column width=&#8221;1\/2&#8243;][vc_column_text]<\/p>\n<h2 style=\"text-align: left;\"><span style=\"color: #33cccc;\">Moza\u00efek @ Matonge<\/span><\/h2>\n<p>[\/vc_column_text][vc_single_image image=&#8221;1555296&#8243;][vc_column_text]<\/p>\n<div class=\"x11i5rnm xat24cr x1mh8g0r x1vvkbs xtlvy1s x126k92a\">\n<div dir=\"auto\"><span class=\"x3nfvp2 x1j61x8r x1fcty0u xdj266r xhhsvwb xat24cr xgzva0m xxymvpz xlup9mm x1kky2od\"><img loading=\"lazy\" decoding=\"async\" class=\"xz74otr\" src=\"https:\/\/static.xx.fbcdn.net\/images\/emoji.php\/v9\/t82\/1\/16\/1f3a8.png\" alt=\"\ud83c\udfa8\" width=\"16\" height=\"16\" \/><\/span> Get ready for a series of <strong>free workshops<\/strong> for children and youngsters (10+) entirely dedicated to art initiations!<\/div>\n<\/div>\n<div dir=\"auto\"><\/div>\n<div dir=\"auto\"><\/div>\n<div class=\"x11i5rnm xat24cr x1mh8g0r x1vvkbs xtlvy1s x126k92a\">\n<div dir=\"auto\">In collaboration with various artists in the Matong\u00e9 district, we start three Saturdays with a nice lunch and then set out on an adventure.<\/div>\n<\/div>\n<div dir=\"auto\"><\/div>\n<div dir=\"auto\"><\/div>\n<div class=\"x11i5rnm xat24cr x1mh8g0r x1vvkbs xtlvy1s x126k92a\">\n<div dir=\"auto\">Together, we explore the world of cinema <span class=\"x3nfvp2 x1j61x8r x1fcty0u xdj266r xhhsvwb xat24cr xgzva0m xxymvpz xlup9mm x1kky2od\"><img loading=\"lazy\" decoding=\"async\" class=\"xz74otr\" src=\"https:\/\/static.xx.fbcdn.net\/images\/emoji.php\/v9\/tff\/1\/16\/1f3a5.png\" alt=\"\ud83c\udfa5\" width=\"16\" height=\"16\" \/><\/span> (8\/6), painting <span class=\"x3nfvp2 x1j61x8r x1fcty0u xdj266r xhhsvwb xat24cr xgzva0m xxymvpz xlup9mm x1kky2od\"><img loading=\"lazy\" decoding=\"async\" class=\"xz74otr\" src=\"https:\/\/static.xx.fbcdn.net\/images\/emoji.php\/v9\/t38\/1\/16\/1f58c.png\" alt=\"\ud83d\udd8c\ufe0f\" width=\"16\" height=\"16\" \/><\/span> (15\/6), and fashion &amp; hairstyles <span class=\"x3nfvp2 x1j61x8r x1fcty0u xdj266r xhhsvwb xat24cr xgzva0m xxymvpz xlup9mm x1kky2od\"><img loading=\"lazy\" decoding=\"async\" class=\"xz74otr\" src=\"https:\/\/static.xx.fbcdn.net\/images\/emoji.php\/v9\/tcb\/1\/16\/1f487.png\" alt=\"\ud83d\udc87\" width=\"16\" height=\"16\" \/><\/span> (22\/6).<\/div>\n<\/div>\n<div class=\"x11i5rnm xat24cr x1mh8g0r x1vvkbs xtlvy1s x126k92a\">\n<div dir=\"auto\">On 29\/6, we proudly exhibit all creations in Rue Francart!<\/div>\n<\/div>\n<div dir=\"auto\"><\/div>\n<div dir=\"auto\"><\/div>\n<div class=\"x11i5rnm xat24cr x1mh8g0r x1vvkbs xtlvy1s x126k92a\">\n<div dir=\"auto\"><\/div>\n<div dir=\"auto\">For more information and registrations: <a href=\"mailto:mozaiekmatonge@gmail.com\">mozaiekmatonge@gmail.com<\/a><\/div>\n<\/div>\n<div dir=\"auto\"><\/div>\n<p>[\/vc_column_text][vc_tta_accordion active_section=&#8221;1&#8243; collapsible_all=&#8221;true&#8221;][vc_tta_section i_icon_fontawesome=&#8221;fas fa-info-circle&#8221; add_icon=&#8221;true&#8221; title=&#8221;Practical information&#8221; tab_id=&#8221;1716550089469-ccce42aa-e0af&#8221;][vc_column_text]<strong>Target audience<\/strong>: Children 10+ (NL and FR)<\/p>\n<p><strong>Location<\/strong>: Mercelisstraat 19, Elsene Library<\/p>\n<p><strong>What &amp; When:<\/strong><\/p>\n<ul>\n<li><span style=\"text-decoration: underline;\">Sat 8 June from 12:00 &#8211; 16:00<\/span>: <strong>Cinema<\/strong> workshop And&#8230; action! Together, we&#8217;ll create a short film with the Matong\u00e9 neighborhood as our backdrop.<\/li>\n<li><span style=\"text-decoration: underline;\">Sat 15 June from 12:00 &#8211; 16:00<\/span>: <strong>Painting<\/strong> workshop We&#8217;ll paint en plein air in Matong\u00e9 and create artworks for our outdoor exhibition on 29 June.<\/li>\n<li><span style=\"text-decoration: underline;\">Sat 22 June from 12:00 &#8211; 16:00<\/span>: <strong>Hairstyling &amp; Fashion<\/strong> workshop Discover hair braiding and colorful fabrics with the best hairdresser and tailor in Matong\u00e9.<\/li>\n<li><span style=\"text-decoration: underline;\">Sat 29 June from 12:00 &#8211; 16:00<\/span>: <strong>Expo<\/strong> at Rue Francart Featuring a painting workshop for children. Together, we&#8217;ll create a mural as part of our exhibition.<\/li>\n<\/ul>\n<p>[\/vc_column_text][\/vc_tta_section][\/vc_tta_accordion][vc_empty_space][vc_column_text]<\/p>\n<h2 style=\"text-align: left;\"><span style=\"color: #33cccc;\">Kuumba: come and discover!<\/span><\/h2>\n<p>[\/vc_column_text][vc_single_image image=&#8221;1558834&#8243;][vc_column_text]<\/p>\n<div class=\"x11i5rnm xat24cr x1mh8g0r x1vvkbs xtlvy1s x126k92a\">\n<div dir=\"auto\">This Look@Matonge project is organized by the non-profit Kuumba. \ud83c\udf0d\ud83c\udfa8<\/div>\n<div dir=\"auto\"><\/div>\n<div dir=\"auto\">You can sign up for one of the 4 exciting guided tours that will tell you all about the rich history of the area. \ud83d\uddfa\ufe0f\ud83d\udcda A Dutch-speaking and a French-speaking group will depart for the first time at 2 PM from the Charles Woeste statue, and a Dutch-speaking and an English-speaking group will depart a second time at 3:30 PM from the same place. \ud83d\udd51\ud83d\udd5f<\/div>\n<div dir=\"auto\"><\/div>\n<div dir=\"auto\">Additionally, between 2 PM and 5 PM, you can discover African board games or join in on an exhilarating percussion animation at the Saint Boniface Square! \ud83c\udfb2\ud83e\udd41<\/div>\n<div dir=\"auto\"><\/div>\n<div dir=\"auto\">And finally, in the streets of Matonge, dancers and percussionists will enchant you with their spectacular performances! \ud83d\udc83\ud83d\udd7a\ud83e\udd41<\/div>\n<\/div>\n<div class=\"x11i5rnm xat24cr x1mh8g0r x1vvkbs xtlvy1s x126k92a\"><\/div>\n<div dir=\"auto\"><\/div>\n<p>[\/vc_column_text][vc_tta_accordion active_section=&#8221;1&#8243; collapsible_all=&#8221;true&#8221;][vc_tta_section i_icon_fontawesome=&#8221;fas fa-info-circle&#8221; add_icon=&#8221;true&#8221; title=&#8221;Practical information&#8221; tab_id=&#8221;1716550324957-619184aa-a9ed&#8221;][vc_column_text]<strong>Target audience<\/strong>: everyone<\/p>\n<p><strong>Location<\/strong>: Saint Boniface Square<\/p>\n<p><strong>What &amp; When:<\/strong><\/p>\n<ul>\n<li><span style=\"text-decoration: underline;\">Sat 29\/06 at 2PM<\/span>: start of the first two guided tours for Dutch and French speaking people<\/li>\n<li><span style=\"text-decoration: underline;\">Sat 29\/06 at 3.30PM<\/span>: start of the second two guided tours for Dutch and English speaking people<\/li>\n<li><span style=\"text-decoration: underline;\">Sat 29\/06 from 2PM until 5PM<\/span>: African boardgames and percussion animations<\/li>\n<\/ul>\n<p>[\/vc_column_text][\/vc_tta_section][\/vc_tta_accordion][vc_empty_space][vc_column_text]<\/p>\n<h2 style=\"text-align: left;\"><span style=\"color: #33cccc;\">Contrechamp &#8211; Viva Matonge !<\/span><\/h2>\n<p>[\/vc_column_text][vc_single_image image=&#8221;1558845&#8243;][vc_column_text]<\/p>\n<div class=\"x11i5rnm xat24cr x1mh8g0r x1vvkbs xtlvy1s x126k92a\">\n<div dir=\"auto\">\ud83c\udfac\ud83c\udf7f Get ready for a<strong> three-day cinema event<\/strong>! From June 27th to 29th, Cinema Vend\u00f4me will highlight productions by Belgian, African, and diaspora artists. \ud83c\udf0d\ud83c\udde7\ud83c\uddea The full program is available <a href=\"http:\/\/www.cinema-vendome.be\/festivals\/contrechamps_2024\">here<\/a>. \ud83d\udcc5\u2728<\/div>\n<\/div>\n<p>[\/vc_column_text][vc_tta_accordion active_section=&#8221;1&#8243; collapsible_all=&#8221;true&#8221;][vc_tta_section i_icon_fontawesome=&#8221;fas fa-info-circle&#8221; add_icon=&#8221;true&#8221; title=&#8221;Practical information&#8221; tab_id=&#8221;1716551515385-1a1dbe77-037c&#8221;][vc_column_text]<strong>Target audience<\/strong>: everyone<\/p>\n<p><strong>Location<\/strong>: Cin\u00e9ma Vend\u00f4me<\/p>\n<p><strong>What &amp; When:<\/strong><\/p>\n<ul>\n<li><u>27, 28 and 29\/06:<\/u> film festival<\/li>\n<\/ul>\n<p>[\/vc_column_text][\/vc_tta_section][\/vc_tta_accordion][vc_empty_space][vc_column_text]<\/p>\n<h2 style=\"text-align: left;\"><span style=\"color: #33cccc;\">Porte de Namur, Porte de l&#8217;Amour, Matonge Eza Ya Biso<\/span><\/h2>\n<p>[\/vc_column_text][vc_single_image image=&#8221;1558851&#8243;][vc_column_text]<\/p>\n<div class=\"x11i5rnm xat24cr x1mh8g0r x1vvkbs xtlvy1s x126k92a\">\n<div dir=\"auto\">\n<p>\ud83c\udf89 This project brings a festive and participatory tribute to the emblematic neighborhood painting by Congolese artist Cheri Samba, led by sapeurs and musicians \ud83c\udfb6, orchestrated by Freddy Mutombo. Let&#8217;s talk about the future of Matonge, with an exhibition \ud83d\udcf8 by Marie Lhoir as the cherry on top \ud83c\udf52.<\/p>\n<\/div>\n<\/div>\n<p>[\/vc_column_text][vc_tta_accordion active_section=&#8221;1&#8243; collapsible_all=&#8221;true&#8221;][vc_tta_section i_icon_fontawesome=&#8221;fas fa-info-circle&#8221; add_icon=&#8221;true&#8221; title=&#8221;Practical information&#8221; tab_id=&#8221;1716552351845-e710bdb4-0e1d&#8221;][vc_column_text]<strong>Target audience<\/strong>: everyone<\/p>\n<p><strong>What, When &amp; Where:<\/strong><\/p>\n<ul>\n<li><span style=\"text-decoration: underline;\">29\/06 between 2pm and 4pm<\/span>: Vernissage exhibition by Marie Lhoir @ Glidji&#8217;s, Elsensesteenweg 192<br \/>\nfollowed by the recreation of the mural @ Disco Mambo, Waversesteenweg 70<\/li>\n<li><span style=\"text-decoration: underline;\">29\/06 at 6pm<\/span>: Sapeurs performance<\/li>\n<\/ul>\n<p>[\/vc_column_text][\/vc_tta_section][\/vc_tta_accordion][vc_empty_space][\/vc_column][vc_column width=&#8221;1\/2&#8243;][vc_column_text]<\/p>\n<h2 style=\"text-align: left;\"><span style=\"color: #33cccc;\">Op\u00e9ra Mohumbu<\/span><\/h2>\n<p>[\/vc_column_text][vc_single_image image=&#8221;1558831&#8243;][vc_column_text]<\/p>\n<div class=\"x11i5rnm xat24cr x1mh8g0r x1vvkbs xtlvy1s x126k92a\">\n<div dir=\"auto\">On Friday 28\/06, at 5.30pm, the rehearsal of Op\u00e9ra Mohumbu at La maison de quartier Malibran will be open to everyone!<\/div>\n<div dir=\"auto\"><\/div>\n<div dir=\"auto\">On Saturday 29\/06 at 4 pm, the main stage of the Look@Matonge festival will be joyously inaugurated by a dozen artists brought together by composer Yannick Koy. \ud83c\udf89<\/div>\n<div dir=\"auto\"><\/div>\n<div dir=\"auto\">They will pay tribute to music genres of the past and breathe new life into them with a contemporary mix of styles (think rumba, salsa, soul, gospel, reggae, cha-cha-cha, pop, rap, blues, calypso, etc.). \ud83c\udfb6<\/div>\n<div dir=\"auto\"><\/div>\n<div dir=\"auto\">This creation is called Op\u00e9ra Mohumbu and promises to be an incredible spectacle! \ud83c\udf1f<\/div>\n<\/div>\n<p>[\/vc_column_text][vc_tta_accordion active_section=&#8221;1&#8243; collapsible_all=&#8221;true&#8221;][vc_tta_section i_icon_fontawesome=&#8221;fas fa-info-circle&#8221; add_icon=&#8221;true&#8221; title=&#8221;Practical information&#8221; tab_id=&#8221;1715680950568-1f1f458f-86c4&#8243;][vc_column_text]<strong>Target audience<\/strong>: everyone<\/p>\n<p><strong>Location<\/strong>: big stage @ Chauss\u00e9e de Wavre<\/p>\n<p><strong>What &amp; When:<\/strong><\/p>\n<ul>\n<li><span style=\"text-decoration: underline;\">Sat 29\/06 from 4PM until 5PM: <\/span>Concert<\/li>\n<\/ul>\n<p>[\/vc_column_text][\/vc_tta_section][\/vc_tta_accordion][vc_empty_space][vc_column_text]<\/p>\n<h2 style=\"text-align: left;\"><span style=\"color: #33cccc;\">Medexmuseum<\/span><\/h2>\n<p>[\/vc_column_text][vc_single_image image=&#8221;1558838&#8243;][vc_column_text]<\/p>\n<div class=\"x11i5rnm xat24cr x1mh8g0r x1vvkbs xtlvy1s x126k92a\">\n<div dir=\"auto\">\n<p>For this project of the Look@Matonge festival, the stories of local merchants and residents are woven into textile artworks and displayed in local shops. This not only creates an exhibition but a true experience! \ud83c\udfa8\ud83e\uddf5<\/p>\n<p>Additionally, at 3 PM, you can join the parade through the neighborhood with the Zinnode walk \ud83e\udd41\ud83d\udeb6\u200d\u2642\ufe0f which ends in the Zinneke exhibition at the Medexmuseum \ud83c\udfdb\ufe0f and finally concludes at 7 PM on Tulip Street with an Indian concert. \ud83c\udfb6\ud83c\udf37<\/p>\n<\/div>\n<\/div>\n<p>[\/vc_column_text][vc_tta_accordion active_section=&#8221;1&#8243; collapsible_all=&#8221;true&#8221;][vc_tta_section i_icon_fontawesome=&#8221;fas fa-info-circle&#8221; add_icon=&#8221;true&#8221; title=&#8221;Practical information&#8221; tab_id=&#8221;1716550693355-8a838841-4479&#8243;][vc_column_text]<strong>Target audience<\/strong>: everyone<\/p>\n<p><strong>What, When &amp; Where:<\/strong><\/p>\n<ul>\n<li><span style=\"text-decoration: underline;\">Sat 29\/06<\/span>: exhibition throughout the neighborhood in local shops<\/li>\n<li><span style=\"text-decoration: underline;\">Sat 29\/06 at 3PM<\/span>: participative parade through the neighborhood<\/li>\n<li><span style=\"text-decoration: underline;\">Sat 29\/06 at 7PM<\/span>: authentic indien concert @ Tulip Street<\/li>\n<\/ul>\n<p>[\/vc_column_text][\/vc_tta_section][\/vc_tta_accordion][vc_empty_space][vc_column_text]<\/p>\n<h2 style=\"text-align: left;\"><span style=\"color: #33cccc;\">Musique magasin<\/span><\/h2>\n<p>[\/vc_column_text][vc_single_image image=&#8221;1558848&#8243;][vc_column_text]<\/p>\n<div class=\"x11i5rnm xat24cr x1mh8g0r x1vvkbs xtlvy1s x126k92a\">\n<div dir=\"auto\">\n<p>\ud83d\udcf8 The photographer Marie Lhoir created duo portraits of merchants and musicians, in collaboration with Muziekpublique, which organizes acoustic concerts \ud83c\udfb6 in the participating shops \ud83c\udfea.<\/p>\n<p>The full program will be announced soon!<\/p>\n<\/div>\n<\/div>\n<p>[\/vc_column_text][vc_tta_accordion active_section=&#8221;1&#8243; collapsible_all=&#8221;true&#8221;][vc_tta_section i_icon_fontawesome=&#8221;fas fa-info-circle&#8221; add_icon=&#8221;true&#8221; title=&#8221;Practical information&#8221; tab_id=&#8221;1716552658193-de3d9004-6336&#8243;][vc_column_text]<strong>Target audience<\/strong>: everyone<\/p>\n<p><strong>What &amp; When<\/strong>:<\/p>\n<p><strong>Public cible<\/strong> : tout le monde<\/p>\n<p><strong>Quoi &amp; Quand &amp; O\u00f9:<\/strong><\/p>\n<p>\u2b50\u00a0<strong>Gueladio<\/strong> @ Thiam Boutique \u2013 Chauss\u00e9e de Wavre 133<\/p>\n<p>\u2b50\u00a0<strong>Fredy Massamba<\/strong> @ Chez Chango \u2013 Chauss\u00e9e de Wavre116<\/p>\n<p>\u2b50<strong>\u00a0Marie Daulne<\/strong> @ Vend\u00f4me \u2013 Chauss\u00e9e de Wavre18<\/p>\n<p>\u2b50\u00a0<strong>Manou<\/strong>\u00a0<strong>Gallo<\/strong>\u00a0@ Chez Sabine \u2013 Galerie Matonge<\/p>\n<p>\u2b50\u00a0<strong>Mansia Mbila<\/strong>\u00a0@ Boutique couture Diaspora Africa &#8211; Rue Francart 22<\/p>\n<p>\u2b50\u00a0<strong>Anne<\/strong>\u00a0<strong>Niepold<\/strong> @ Maison Renardy \u2013 Chauss\u00e9e de Wavre111b | concert \u00e0 <strong>10h30<\/strong><\/p>\n<p>\u2b50\u00a0<strong>Bao Sissoko<\/strong> @ \u00d4 S\u00e9n\u00e9gal VIP \u2013 Chauss\u00e9e de Wavre114 | concert \u00e0 <strong>11h30<\/strong><\/p>\n<p>\u2b50\u00a0<strong>Emanuela<\/strong>\u00a0<strong>Lodato<\/strong>\u00a0<strong>&amp; Vincent<\/strong>\u00a0<strong>Noiret<\/strong> @ Festival Music \u2013 Galerie Porte de Namur | concert \u00e0 <strong>12h30<\/strong><\/p>\n<p>\u2b50\u00a0<strong>Hicham<\/strong>\u00a0<strong>Bilali<\/strong> @ Le Laakam \u2013 Rue de Longue Vie 18 | concert \u00e0 <strong>13h30<\/strong><\/p>\n<p>\u2b50\u00a0<strong>Kaito<\/strong>\u00a0<strong>Winse<\/strong>\u00a0<strong>&amp; Tim<\/strong>\u00a0<strong>Winsey<\/strong> @ La Signare \u2013 Rue de la Paix 26 | concert \u00e0 <strong>14h30<\/strong>[\/vc_column_text][\/vc_tta_section][\/vc_tta_accordion][vc_empty_space][vc_column_text]<\/p>\n<h2 style=\"text-align: left;\"><span style=\"color: #33cccc;\">Afro Music Show<\/span><\/h2>\n<p>[\/vc_column_text][vc_single_image image=&#8221;1558854&#8243;][vc_column_text]<\/p>\n<div class=\"x11i5rnm xat24cr x1mh8g0r x1vvkbs xtlvy1s x126k92a\">\n<div dir=\"auto\">\n<p>\ud83c\udfa4 The project showcases the best that the contemporary African and diaspora music scene \ud83c\udf0d has to offer, featuring both promising local talent \ud83c\udf1f and established names \ud83c\udfb6 with none other than Kinshasa headliner MPR!<\/p>\n<\/div>\n<\/div>\n<p>[\/vc_column_text][vc_tta_accordion active_section=&#8221;1&#8243; collapsible_all=&#8221;true&#8221;][vc_tta_section i_icon_fontawesome=&#8221;fas fa-info-circle&#8221; add_icon=&#8221;true&#8221; title=&#8221;Practical information&#8221; tab_id=&#8221;1716552062472-2775cf88-a460&#8243;][vc_column_text]<strong>Target audience<\/strong>: everyone<\/p>\n<p><b>Location:\u00a0<\/b>Big stage @ Chauss\u00e9e de Wavre<\/p>\n<p><strong>What &amp; When<\/strong>: TBA[\/vc_column_text][\/vc_tta_section][\/vc_tta_accordion][vc_empty_space][\/vc_column][\/vc_row]<\/p>\n<\/div>","protected":false},"excerpt":{"rendered":"<p>[vc_row][vc_column][vc_column_text]Come celebrate the \ud83c\udf89 cultural vibrancy and dynamism of the Matong\u00e9 neighborhood, emblematic of the diversity of Ixelles! &nbsp; The Look@Matonge festival offers you a rich program of activities, entirely free, starting from June 24th with the highlight being Saturday, June 29th. Enjoy \ud83c\udfb6 concerts, guided tours \ud83d\udeb6\u200d\u2642\ufe0f, \ud83c\udfa5 films, \ud83d\uddbc\ufe0f exhibitions, children&#8217;s workshops \ud83c\udfa8, [&hellip;]<\/p>\n","protected":false},"author":25,"featured_media":0,"comment_status":"closed","ping_status":"closed","sticky":false,"template":"","format":"standard","meta":{"_acf_changed":false,"_monsterinsights_skip_tracking":false,"_monsterinsights_sitenote_active":false,"_monsterinsights_sitenote_note":"","_monsterinsights_sitenote_category":0,"footnotes":""},"categories":[193,187,189,124],"tags":[],"acf":[],"yoast_head":"<!-- This site is optimized with the Yoast SEO plugin v24.5 - https:\/\/yoast.com\/wordpress\/plugins\/seo\/ -->\n<title>Look @ Matonge - Ixelles<\/title>\n<meta name=\"robots\" content=\"index, follow, max-snippet:-1, max-image-preview:large, max-video-preview:-1\" \/>\n<link rel=\"canonical\" href=\"https:\/\/culture.ixelles.be\/en\/look-matonge\/\" \/>\n<meta property=\"og:locale\" content=\"en_US\" \/>\n<meta property=\"og:type\" content=\"article\" \/>\n<meta property=\"og:title\" content=\"Look @ Matonge - Ixelles\" \/>\n<meta property=\"og:description\" content=\"[vc_row][vc_column][vc_column_text]Come celebrate the \ud83c\udf89 cultural vibrancy and dynamism of the Matong\u00e9 neighborhood, emblematic of the diversity of Ixelles! &nbsp; The Look@Matonge festival offers you a rich program of activities, entirely free, starting from June 24th with the highlight being Saturday, June 29th. Enjoy \ud83c\udfb6 concerts, guided tours \ud83d\udeb6\u200d\u2642\ufe0f, \ud83c\udfa5 films, \ud83d\uddbc\ufe0f exhibitions, children&#8217;s workshops \ud83c\udfa8, [&hellip;]\" \/>\n<meta property=\"og:url\" content=\"https:\/\/culture.ixelles.be\/en\/look-matonge\/\" \/>\n<meta property=\"og:site_name\" content=\"Ixelles\" \/>\n<meta property=\"article:published_time\" content=\"2024-03-25T11:14:52+00:00\" \/>\n<meta property=\"article:modified_time\" content=\"2024-06-27T12:53:29+00:00\" \/>\n<meta property=\"og:image\" content=\"https:\/\/culture.ixelles.be\/wp-content\/uploads\/2024\/03\/FreeImageKit.com_Img-size1000x1000px.jpg\" \/>\n\t<meta property=\"og:image:width\" content=\"1000\" \/>\n\t<meta property=\"og:image:height\" content=\"1000\" \/>\n\t<meta property=\"og:image:type\" content=\"image\/jpeg\" \/>\n<meta name=\"author\" content=\"Frederique Van Brussel\" \/>\n<meta name=\"twitter:card\" content=\"summary_large_image\" \/>\n<meta name=\"twitter:label1\" content=\"Written by\" \/>\n\t<meta name=\"twitter:data1\" content=\"Frederique Van Brussel\" \/>\n\t<meta name=\"twitter:label2\" content=\"Est. reading time\" \/>\n\t<meta name=\"twitter:data2\" content=\"7 minutes\" \/>\n<script type=\"application\/ld+json\" class=\"yoast-schema-graph\">{\"@context\":\"https:\/\/schema.org\",\"@graph\":[{\"@type\":\"Article\",\"@id\":\"https:\/\/culture.ixelles.be\/en\/look-matonge\/#article\",\"isPartOf\":{\"@id\":\"https:\/\/culture.ixelles.be\/en\/look-matonge\/\"},\"author\":{\"name\":\"Frederique Van Brussel\",\"@id\":\"https:\/\/culture.ixelles.be\/en\/#\/schema\/person\/5b7f63921acef28fe97790ba45a3ea43\"},\"headline\":\"Look @ Matonge\",\"datePublished\":\"2024-03-25T11:14:52+00:00\",\"dateModified\":\"2024-06-27T12:53:29+00:00\",\"mainEntityOfPage\":{\"@id\":\"https:\/\/culture.ixelles.be\/en\/look-matonge\/\"},\"wordCount\":1468,\"publisher\":{\"@id\":\"https:\/\/culture.ixelles.be\/en\/#organization\"},\"image\":{\"@id\":\"https:\/\/culture.ixelles.be\/en\/look-matonge\/#primaryimage\"},\"thumbnailUrl\":\"https:\/\/static.xx.fbcdn.net\/images\/emoji.php\/v9\/t82\/1\/16\/1f3a8.png\",\"articleSection\":[\"Events\",\"In the spotlight\",\"Pinned article\"],\"inLanguage\":\"en-US\"},{\"@type\":\"WebPage\",\"@id\":\"https:\/\/culture.ixelles.be\/en\/look-matonge\/\",\"url\":\"https:\/\/culture.ixelles.be\/en\/look-matonge\/\",\"name\":\"Look @ Matonge - Ixelles\",\"isPartOf\":{\"@id\":\"https:\/\/culture.ixelles.be\/en\/#website\"},\"primaryImageOfPage\":{\"@id\":\"https:\/\/culture.ixelles.be\/en\/look-matonge\/#primaryimage\"},\"image\":{\"@id\":\"https:\/\/culture.ixelles.be\/en\/look-matonge\/#primaryimage\"},\"thumbnailUrl\":\"https:\/\/static.xx.fbcdn.net\/images\/emoji.php\/v9\/t82\/1\/16\/1f3a8.png\",\"datePublished\":\"2024-03-25T11:14:52+00:00\",\"dateModified\":\"2024-06-27T12:53:29+00:00\",\"breadcrumb\":{\"@id\":\"https:\/\/culture.ixelles.be\/en\/look-matonge\/#breadcrumb\"},\"inLanguage\":\"en-US\",\"potentialAction\":[{\"@type\":\"ReadAction\",\"target\":[\"https:\/\/culture.ixelles.be\/en\/look-matonge\/\"]}]},{\"@type\":\"ImageObject\",\"inLanguage\":\"en-US\",\"@id\":\"https:\/\/culture.ixelles.be\/en\/look-matonge\/#primaryimage\",\"url\":\"https:\/\/static.xx.fbcdn.net\/images\/emoji.php\/v9\/t82\/1\/16\/1f3a8.png\",\"contentUrl\":\"https:\/\/static.xx.fbcdn.net\/images\/emoji.php\/v9\/t82\/1\/16\/1f3a8.png\"},{\"@type\":\"BreadcrumbList\",\"@id\":\"https:\/\/culture.ixelles.be\/en\/look-matonge\/#breadcrumb\",\"itemListElement\":[{\"@type\":\"ListItem\",\"position\":1,\"name\":\"Accueil\",\"item\":\"https:\/\/culture.ixelles.be\/en\/\"},{\"@type\":\"ListItem\",\"position\":2,\"name\":\"Look @ Matonge\"}]},{\"@type\":\"WebSite\",\"@id\":\"https:\/\/culture.ixelles.be\/en\/#website\",\"url\":\"https:\/\/culture.ixelles.be\/en\/\",\"name\":\"Ixelles\",\"description\":\"\",\"publisher\":{\"@id\":\"https:\/\/culture.ixelles.be\/en\/#organization\"},\"potentialAction\":[{\"@type\":\"SearchAction\",\"target\":{\"@type\":\"EntryPoint\",\"urlTemplate\":\"https:\/\/culture.ixelles.be\/en\/?s={search_term_string}\"},\"query-input\":{\"@type\":\"PropertyValueSpecification\",\"valueRequired\":true,\"valueName\":\"search_term_string\"}}],\"inLanguage\":\"en-US\"},{\"@type\":\"Organization\",\"@id\":\"https:\/\/culture.ixelles.be\/en\/#organization\",\"name\":\"Service culture Ixelles\",\"url\":\"https:\/\/culture.ixelles.be\/en\/\",\"logo\":{\"@type\":\"ImageObject\",\"inLanguage\":\"en-US\",\"@id\":\"https:\/\/culture.ixelles.be\/en\/#\/schema\/logo\/image\/\",\"url\":\"https:\/\/culture.ixelles.be\/wp-content\/uploads\/2021\/05\/ixelles_green.svg\",\"contentUrl\":\"https:\/\/culture.ixelles.be\/wp-content\/uploads\/2021\/05\/ixelles_green.svg\",\"width\":1,\"height\":1,\"caption\":\"Service culture Ixelles\"},\"image\":{\"@id\":\"https:\/\/culture.ixelles.be\/en\/#\/schema\/logo\/image\/\"}},{\"@type\":\"Person\",\"@id\":\"https:\/\/culture.ixelles.be\/en\/#\/schema\/person\/5b7f63921acef28fe97790ba45a3ea43\",\"name\":\"Frederique Van Brussel\",\"url\":\"https:\/\/culture.ixelles.be\/en\/author\/fvanbrussel\/\"}]}<\/script>\n<!-- \/ Yoast SEO plugin. -->","yoast_head_json":{"title":"Look @ Matonge - Ixelles","robots":{"index":"index","follow":"follow","max-snippet":"max-snippet:-1","max-image-preview":"max-image-preview:large","max-video-preview":"max-video-preview:-1"},"canonical":"https:\/\/culture.ixelles.be\/en\/look-matonge\/","og_locale":"en_US","og_type":"article","og_title":"Look @ Matonge - Ixelles","og_description":"[vc_row][vc_column][vc_column_text]Come celebrate the \ud83c\udf89 cultural vibrancy and dynamism of the Matong\u00e9 neighborhood, emblematic of the diversity of Ixelles! &nbsp; The Look@Matonge festival offers you a rich program of activities, entirely free, starting from June 24th with the highlight being Saturday, June 29th. Enjoy \ud83c\udfb6 concerts, guided tours \ud83d\udeb6\u200d\u2642\ufe0f, \ud83c\udfa5 films, \ud83d\uddbc\ufe0f exhibitions, children&#8217;s workshops \ud83c\udfa8, [&hellip;]","og_url":"https:\/\/culture.ixelles.be\/en\/look-matonge\/","og_site_name":"Ixelles","article_published_time":"2024-03-25T11:14:52+00:00","article_modified_time":"2024-06-27T12:53:29+00:00","og_image":[{"width":1000,"height":1000,"url":"https:\/\/culture.ixelles.be\/wp-content\/uploads\/2024\/03\/FreeImageKit.com_Img-size1000x1000px.jpg","type":"image\/jpeg"}],"author":"Frederique Van Brussel","twitter_card":"summary_large_image","twitter_misc":{"Written by":"Frederique Van Brussel","Est. reading time":"7 minutes"},"schema":{"@context":"https:\/\/schema.org","@graph":[{"@type":"Article","@id":"https:\/\/culture.ixelles.be\/en\/look-matonge\/#article","isPartOf":{"@id":"https:\/\/culture.ixelles.be\/en\/look-matonge\/"},"author":{"name":"Frederique Van Brussel","@id":"https:\/\/culture.ixelles.be\/en\/#\/schema\/person\/5b7f63921acef28fe97790ba45a3ea43"},"headline":"Look @ Matonge","datePublished":"2024-03-25T11:14:52+00:00","dateModified":"2024-06-27T12:53:29+00:00","mainEntityOfPage":{"@id":"https:\/\/culture.ixelles.be\/en\/look-matonge\/"},"wordCount":1468,"publisher":{"@id":"https:\/\/culture.ixelles.be\/en\/#organization"},"image":{"@id":"https:\/\/culture.ixelles.be\/en\/look-matonge\/#primaryimage"},"thumbnailUrl":"https:\/\/static.xx.fbcdn.net\/images\/emoji.php\/v9\/t82\/1\/16\/1f3a8.png","articleSection":["Events","In the spotlight","Pinned article"],"inLanguage":"en-US"},{"@type":"WebPage","@id":"https:\/\/culture.ixelles.be\/en\/look-matonge\/","url":"https:\/\/culture.ixelles.be\/en\/look-matonge\/","name":"Look @ Matonge - Ixelles","isPartOf":{"@id":"https:\/\/culture.ixelles.be\/en\/#website"},"primaryImageOfPage":{"@id":"https:\/\/culture.ixelles.be\/en\/look-matonge\/#primaryimage"},"image":{"@id":"https:\/\/culture.ixelles.be\/en\/look-matonge\/#primaryimage"},"thumbnailUrl":"https:\/\/static.xx.fbcdn.net\/images\/emoji.php\/v9\/t82\/1\/16\/1f3a8.png","datePublished":"2024-03-25T11:14:52+00:00","dateModified":"2024-06-27T12:53:29+00:00","breadcrumb":{"@id":"https:\/\/culture.ixelles.be\/en\/look-matonge\/#breadcrumb"},"inLanguage":"en-US","potentialAction":[{"@type":"ReadAction","target":["https:\/\/culture.ixelles.be\/en\/look-matonge\/"]}]},{"@type":"ImageObject","inLanguage":"en-US","@id":"https:\/\/culture.ixelles.be\/en\/look-matonge\/#primaryimage","url":"https:\/\/static.xx.fbcdn.net\/images\/emoji.php\/v9\/t82\/1\/16\/1f3a8.png","contentUrl":"https:\/\/static.xx.fbcdn.net\/images\/emoji.php\/v9\/t82\/1\/16\/1f3a8.png"},{"@type":"BreadcrumbList","@id":"https:\/\/culture.ixelles.be\/en\/look-matonge\/#breadcrumb","itemListElement":[{"@type":"ListItem","position":1,"name":"Accueil","item":"https:\/\/culture.ixelles.be\/en\/"},{"@type":"ListItem","position":2,"name":"Look @ Matonge"}]},{"@type":"WebSite","@id":"https:\/\/culture.ixelles.be\/en\/#website","url":"https:\/\/culture.ixelles.be\/en\/","name":"Ixelles","description":"","publisher":{"@id":"https:\/\/culture.ixelles.be\/en\/#organization"},"potentialAction":[{"@type":"SearchAction","target":{"@type":"EntryPoint","urlTemplate":"https:\/\/culture.ixelles.be\/en\/?s={search_term_string}"},"query-input":{"@type":"PropertyValueSpecification","valueRequired":true,"valueName":"search_term_string"}}],"inLanguage":"en-US"},{"@type":"Organization","@id":"https:\/\/culture.ixelles.be\/en\/#organization","name":"Service culture Ixelles","url":"https:\/\/culture.ixelles.be\/en\/","logo":{"@type":"ImageObject","inLanguage":"en-US","@id":"https:\/\/culture.ixelles.be\/en\/#\/schema\/logo\/image\/","url":"https:\/\/culture.ixelles.be\/wp-content\/uploads\/2021\/05\/ixelles_green.svg","contentUrl":"https:\/\/culture.ixelles.be\/wp-content\/uploads\/2021\/05\/ixelles_green.svg","width":1,"height":1,"caption":"Service culture Ixelles"},"image":{"@id":"https:\/\/culture.ixelles.be\/en\/#\/schema\/logo\/image\/"}},{"@type":"Person","@id":"https:\/\/culture.ixelles.be\/en\/#\/schema\/person\/5b7f63921acef28fe97790ba45a3ea43","name":"Frederique Van Brussel","url":"https:\/\/culture.ixelles.be\/en\/author\/fvanbrussel\/"}]}},"jetpack_featured_media_url":"","_links":{"self":[{"href":"https:\/\/culture.ixelles.be\/en\/wp-json\/wp\/v2\/posts\/1547084"}],"collection":[{"href":"https:\/\/culture.ixelles.be\/en\/wp-json\/wp\/v2\/posts"}],"about":[{"href":"https:\/\/culture.ixelles.be\/en\/wp-json\/wp\/v2\/types\/post"}],"author":[{"embeddable":true,"href":"https:\/\/culture.ixelles.be\/en\/wp-json\/wp\/v2\/users\/25"}],"replies":[{"embeddable":true,"href":"https:\/\/culture.ixelles.be\/en\/wp-json\/wp\/v2\/comments?post=1547084"}],"version-history":[{"count":32,"href":"https:\/\/culture.ixelles.be\/en\/wp-json\/wp\/v2\/posts\/1547084\/revisions"}],"predecessor-version":[{"id":1574367,"href":"https:\/\/culture.ixelles.be\/en\/wp-json\/wp\/v2\/posts\/1547084\/revisions\/1574367"}],"wp:attachment":[{"href":"https:\/\/culture.ixelles.be\/en\/wp-json\/wp\/v2\/media?parent=1547084"}],"wp:term":[{"taxonomy":"category","embeddable":true,"href":"https:\/\/culture.ixelles.be\/en\/wp-json\/wp\/v2\/categories?post=1547084"},{"taxonomy":"post_tag","embeddable":true,"href":"https:\/\/culture.ixelles.be\/en\/wp-json\/wp\/v2\/tags?post=1547084"}],"curies":[{"name":"wp","href":"https:\/\/api.w.org\/{rel}","templated":true}]}}