{"id":1326005,"date":"2021-09-23T18:43:37","date_gmt":"2021-09-23T18:43:37","guid":{"rendered":"https:\/\/culture.ixelles.be\/nouvelle-brochure-culture-a-ixelles-09-12-2021\/"},"modified":"2021-09-23T18:43:37","modified_gmt":"2021-09-23T18:43:37","slug":"nouvelle-brochure-culture-a-ixelles-09-12-2021","status":"publish","type":"post","link":"https:\/\/culture.ixelles.be\/fr\/nouvelle-brochure-culture-a-ixelles-09-12-2021\/","title":{"rendered":"Nouvelle brochure &lsquo;Culture \u00e0 Ixelles&rsquo;"},"content":{"rendered":"<div class=\"wpb-content-wrapper\"><div style=\"margin-top: 0px; margin-bottom: 0px;\" class=\"sharethis-inline-share-buttons\" ><\/div><p>[vc_row][vc_column][vc_column_text]La brochure &lsquo;Culture \u00e0 Ixelles&rsquo; pour la p\u00e9riode septembre-d\u00e9cembre 2021 est disponible!<\/p>\n<p><strong>Au sommaire:<\/strong><\/p>\n<ul>\n<li>le programme de la rentr\u00e9e culturelle ixelloise<\/li>\n<li>le centre communautaire flamand Elzenhof enti\u00e8rement r\u00e9nov\u00e9<\/li>\n<li>le Ch\u00e2telain: quartier des galeries<\/li>\n<li>une rencontre avec le photographe Philippe Mailleux<\/li>\n<li>le groupe Van den Bear: musique &lsquo;made in Ixelles&rsquo;<\/li>\n<li>un nouveau lieu d\u00e9di\u00e9 \u00e0 la photographie: la Tiny Gallery<\/li>\n<li>une plong\u00e9e dans un lieu pour le jeune public: La Maison qui chante<\/li>\n<li>la d\u00e9couverte de la compagnie de th\u00e9\u00e2tre gantoise Gorilla<\/li>\n<\/ul>\n<p>[\/vc_column_text][\/vc_column][\/vc_row][vc_row][vc_column width=\u00a0\u00bb1\/3&Prime;][vc_btn title=\u00a0\u00bbLisez la brochure en ligne\u00a0\u00bb style=\u00a0\u00bbcustom\u00a0\u00bb custom_background=\u00a0\u00bb#ee3364&Prime; custom_text=\u00a0\u00bb#ffffff\u00a0\u00bb align=\u00a0\u00bbcenter\u00a0\u00bb button_block=\u00a0\u00bbtrue\u00a0\u00bb link=\u00a0\u00bburl:https%3A%2F%2Fwww.calameo.com%2Fread%2F006853629701b2505ca8f|title:Brochure%20Culture%20%C3%A0%20Ixelles%20-%20sept-dec%202021|target:_blank\u00a0\u00bb][vc_btn title=\u00a0\u00bbT\u00e9l\u00e9chargez la brochure en pdf\u00a0\u00bb style=\u00a0\u00bbcustom\u00a0\u00bb custom_background=\u00a0\u00bb#ee3364&Prime; custom_text=\u00a0\u00bb#ffffff\u00a0\u00bb align=\u00a0\u00bbcenter\u00a0\u00bb button_block=\u00a0\u00bbtrue\u00a0\u00bb link=\u00a0\u00bburl:https%3A%2F%2Fculture.ixelles.be%2Ffr%2Fbrochure-culture-a-ixelles-septembre-decembre-2021%2F|title:Brochure%20%E2%80%98culture%E2%80%99%20%C3%A0%20Ixelles%3A%20septembre-d%C3%A9cembre%202021|target:_blank\u00a0\u00bb][\/vc_column][vc_column width=\u00a0\u00bb1\/3&Prime;][\/vc_column][vc_column width=\u00a0\u00bb1\/3&Prime;][\/vc_column][\/vc_row]<\/p>\n<\/div>","protected":false},"excerpt":{"rendered":"<p>[vc_row][vc_column][vc_column_text]La brochure &lsquo;Culture \u00e0 Ixelles&rsquo; pour la p\u00e9riode septembre-d\u00e9cembre 2021 est disponible! Au sommaire: le programme de la rentr\u00e9e culturelle ixelloise le centre communautaire flamand Elzenhof enti\u00e8rement r\u00e9nov\u00e9 le Ch\u00e2telain: quartier des galeries une rencontre avec le photographe Philippe Mailleux le groupe Van den Bear: musique &lsquo;made in Ixelles&rsquo; un nouveau lieu d\u00e9di\u00e9 \u00e0 la [&hellip;]<\/p>\n","protected":false},"author":4,"featured_media":0,"comment_status":"open","ping_status":"open","sticky":false,"template":"","format":"standard","meta":{"_acf_changed":false,"_monsterinsights_skip_tracking":false,"_monsterinsights_sitenote_active":false,"_monsterinsights_sitenote_note":"","_monsterinsights_sitenote_category":0,"footnotes":""},"categories":[1],"tags":[],"acf":[],"yoast_head":"<!-- This site is optimized with the Yoast SEO plugin v24.5 - https:\/\/yoast.com\/wordpress\/plugins\/seo\/ -->\n<title>Nouvelle brochure &#039;Culture \u00e0 Ixelles&#039; - Ixelles<\/title>\n<meta name=\"description\" content=\"La brochure &#039;Culture \u00e0 Ixelles&#039; pour la p\u00e9riode septembre-d\u00e9cembre 2021 est disponible!\" \/>\n<meta name=\"robots\" content=\"index, follow, max-snippet:-1, max-image-preview:large, max-video-preview:-1\" \/>\n<link rel=\"canonical\" href=\"https:\/\/culture.ixelles.be\/fr\/nouvelle-brochure-culture-a-ixelles-09-12-2021\/\" \/>\n<meta property=\"og:locale\" content=\"fr_FR\" \/>\n<meta property=\"og:type\" content=\"article\" \/>\n<meta property=\"og:title\" content=\"Nouvelle brochure &#039;Culture \u00e0 Ixelles&#039; - Ixelles\" \/>\n<meta property=\"og:description\" content=\"La brochure &#039;Culture \u00e0 Ixelles&#039; pour la p\u00e9riode septembre-d\u00e9cembre 2021 est disponible!\" \/>\n<meta property=\"og:url\" content=\"https:\/\/culture.ixelles.be\/fr\/nouvelle-brochure-culture-a-ixelles-09-12-2021\/\" \/>\n<meta property=\"og:site_name\" content=\"Ixelles\" \/>\n<meta property=\"article:published_time\" content=\"2021-09-23T18:43:37+00:00\" \/>\n<meta name=\"author\" content=\"Mathilde Oechsner\" \/>\n<meta name=\"twitter:card\" content=\"summary_large_image\" \/>\n<meta name=\"twitter:label1\" content=\"\u00c9crit par\" \/>\n\t<meta name=\"twitter:data1\" content=\"Mathilde Oechsner\" \/>\n\t<meta name=\"twitter:label2\" content=\"Dur\u00e9e de lecture estim\u00e9e\" \/>\n\t<meta name=\"twitter:data2\" content=\"1 minute\" \/>\n<script type=\"application\/ld+json\" class=\"yoast-schema-graph\">{\"@context\":\"https:\/\/schema.org\",\"@graph\":[{\"@type\":\"Article\",\"@id\":\"https:\/\/culture.ixelles.be\/fr\/nouvelle-brochure-culture-a-ixelles-09-12-2021\/#article\",\"isPartOf\":{\"@id\":\"https:\/\/culture.ixelles.be\/fr\/nouvelle-brochure-culture-a-ixelles-09-12-2021\/\"},\"author\":{\"name\":\"Mathilde Oechsner\",\"@id\":\"https:\/\/culture.ixelles.be\/fr\/#\/schema\/person\/66ec5d810b97664356a06c0a892ab676\"},\"headline\":\"Nouvelle brochure &lsquo;Culture \u00e0 Ixelles&rsquo;\",\"datePublished\":\"2021-09-23T18:43:37+00:00\",\"mainEntityOfPage\":{\"@id\":\"https:\/\/culture.ixelles.be\/fr\/nouvelle-brochure-culture-a-ixelles-09-12-2021\/\"},\"wordCount\":218,\"commentCount\":0,\"publisher\":{\"@id\":\"https:\/\/culture.ixelles.be\/fr\/#organization\"},\"articleSection\":[\"Non classifi\u00e9(e)\"],\"inLanguage\":\"fr-FR\",\"potentialAction\":[{\"@type\":\"CommentAction\",\"name\":\"Comment\",\"target\":[\"https:\/\/culture.ixelles.be\/fr\/nouvelle-brochure-culture-a-ixelles-09-12-2021\/#respond\"]}]},{\"@type\":\"WebPage\",\"@id\":\"https:\/\/culture.ixelles.be\/fr\/nouvelle-brochure-culture-a-ixelles-09-12-2021\/\",\"url\":\"https:\/\/culture.ixelles.be\/fr\/nouvelle-brochure-culture-a-ixelles-09-12-2021\/\",\"name\":\"Nouvelle brochure 'Culture \u00e0 Ixelles' - Ixelles\",\"isPartOf\":{\"@id\":\"https:\/\/culture.ixelles.be\/fr\/#website\"},\"datePublished\":\"2021-09-23T18:43:37+00:00\",\"description\":\"La brochure 'Culture \u00e0 Ixelles' pour la p\u00e9riode septembre-d\u00e9cembre 2021 est disponible!\",\"breadcrumb\":{\"@id\":\"https:\/\/culture.ixelles.be\/fr\/nouvelle-brochure-culture-a-ixelles-09-12-2021\/#breadcrumb\"},\"inLanguage\":\"fr-FR\",\"potentialAction\":[{\"@type\":\"ReadAction\",\"target\":[\"https:\/\/culture.ixelles.be\/fr\/nouvelle-brochure-culture-a-ixelles-09-12-2021\/\"]}]},{\"@type\":\"BreadcrumbList\",\"@id\":\"https:\/\/culture.ixelles.be\/fr\/nouvelle-brochure-culture-a-ixelles-09-12-2021\/#breadcrumb\",\"itemListElement\":[{\"@type\":\"ListItem\",\"position\":1,\"name\":\"Accueil\",\"item\":\"https:\/\/culture.ixelles.be\/fr\/\"},{\"@type\":\"ListItem\",\"position\":2,\"name\":\"Nouvelle brochure &lsquo;Culture \u00e0 Ixelles&rsquo;\"}]},{\"@type\":\"WebSite\",\"@id\":\"https:\/\/culture.ixelles.be\/fr\/#website\",\"url\":\"https:\/\/culture.ixelles.be\/fr\/\",\"name\":\"Ixelles\",\"description\":\"\",\"publisher\":{\"@id\":\"https:\/\/culture.ixelles.be\/fr\/#organization\"},\"potentialAction\":[{\"@type\":\"SearchAction\",\"target\":{\"@type\":\"EntryPoint\",\"urlTemplate\":\"https:\/\/culture.ixelles.be\/fr\/?s={search_term_string}\"},\"query-input\":{\"@type\":\"PropertyValueSpecification\",\"valueRequired\":true,\"valueName\":\"search_term_string\"}}],\"inLanguage\":\"fr-FR\"},{\"@type\":\"Organization\",\"@id\":\"https:\/\/culture.ixelles.be\/fr\/#organization\",\"name\":\"Service culture Ixelles\",\"url\":\"https:\/\/culture.ixelles.be\/fr\/\",\"logo\":{\"@type\":\"ImageObject\",\"inLanguage\":\"fr-FR\",\"@id\":\"https:\/\/culture.ixelles.be\/fr\/#\/schema\/logo\/image\/\",\"url\":\"https:\/\/culture.ixelles.be\/wp-content\/uploads\/2021\/05\/ixelles_green.svg\",\"contentUrl\":\"https:\/\/culture.ixelles.be\/wp-content\/uploads\/2021\/05\/ixelles_green.svg\",\"width\":1,\"height\":1,\"caption\":\"Service culture Ixelles\"},\"image\":{\"@id\":\"https:\/\/culture.ixelles.be\/fr\/#\/schema\/logo\/image\/\"}},{\"@type\":\"Person\",\"@id\":\"https:\/\/culture.ixelles.be\/fr\/#\/schema\/person\/66ec5d810b97664356a06c0a892ab676\",\"name\":\"Mathilde Oechsner\",\"url\":\"https:\/\/culture.ixelles.be\/fr\/author\/mathilde\/\"}]}<\/script>\n<!-- \/ Yoast SEO plugin. -->","yoast_head_json":{"title":"Nouvelle brochure 'Culture \u00e0 Ixelles' - Ixelles","description":"La brochure 'Culture \u00e0 Ixelles' pour la p\u00e9riode septembre-d\u00e9cembre 2021 est disponible!","robots":{"index":"index","follow":"follow","max-snippet":"max-snippet:-1","max-image-preview":"max-image-preview:large","max-video-preview":"max-video-preview:-1"},"canonical":"https:\/\/culture.ixelles.be\/fr\/nouvelle-brochure-culture-a-ixelles-09-12-2021\/","og_locale":"fr_FR","og_type":"article","og_title":"Nouvelle brochure 'Culture \u00e0 Ixelles' - Ixelles","og_description":"La brochure 'Culture \u00e0 Ixelles' pour la p\u00e9riode septembre-d\u00e9cembre 2021 est disponible!","og_url":"https:\/\/culture.ixelles.be\/fr\/nouvelle-brochure-culture-a-ixelles-09-12-2021\/","og_site_name":"Ixelles","article_published_time":"2021-09-23T18:43:37+00:00","author":"Mathilde Oechsner","twitter_card":"summary_large_image","twitter_misc":{"\u00c9crit par":"Mathilde Oechsner","Dur\u00e9e de lecture estim\u00e9e":"1 minute"},"schema":{"@context":"https:\/\/schema.org","@graph":[{"@type":"Article","@id":"https:\/\/culture.ixelles.be\/fr\/nouvelle-brochure-culture-a-ixelles-09-12-2021\/#article","isPartOf":{"@id":"https:\/\/culture.ixelles.be\/fr\/nouvelle-brochure-culture-a-ixelles-09-12-2021\/"},"author":{"name":"Mathilde Oechsner","@id":"https:\/\/culture.ixelles.be\/fr\/#\/schema\/person\/66ec5d810b97664356a06c0a892ab676"},"headline":"Nouvelle brochure &lsquo;Culture \u00e0 Ixelles&rsquo;","datePublished":"2021-09-23T18:43:37+00:00","mainEntityOfPage":{"@id":"https:\/\/culture.ixelles.be\/fr\/nouvelle-brochure-culture-a-ixelles-09-12-2021\/"},"wordCount":218,"commentCount":0,"publisher":{"@id":"https:\/\/culture.ixelles.be\/fr\/#organization"},"articleSection":["Non classifi\u00e9(e)"],"inLanguage":"fr-FR","potentialAction":[{"@type":"CommentAction","name":"Comment","target":["https:\/\/culture.ixelles.be\/fr\/nouvelle-brochure-culture-a-ixelles-09-12-2021\/#respond"]}]},{"@type":"WebPage","@id":"https:\/\/culture.ixelles.be\/fr\/nouvelle-brochure-culture-a-ixelles-09-12-2021\/","url":"https:\/\/culture.ixelles.be\/fr\/nouvelle-brochure-culture-a-ixelles-09-12-2021\/","name":"Nouvelle brochure 'Culture \u00e0 Ixelles' - Ixelles","isPartOf":{"@id":"https:\/\/culture.ixelles.be\/fr\/#website"},"datePublished":"2021-09-23T18:43:37+00:00","description":"La brochure 'Culture \u00e0 Ixelles' pour la p\u00e9riode septembre-d\u00e9cembre 2021 est disponible!","breadcrumb":{"@id":"https:\/\/culture.ixelles.be\/fr\/nouvelle-brochure-culture-a-ixelles-09-12-2021\/#breadcrumb"},"inLanguage":"fr-FR","potentialAction":[{"@type":"ReadAction","target":["https:\/\/culture.ixelles.be\/fr\/nouvelle-brochure-culture-a-ixelles-09-12-2021\/"]}]},{"@type":"BreadcrumbList","@id":"https:\/\/culture.ixelles.be\/fr\/nouvelle-brochure-culture-a-ixelles-09-12-2021\/#breadcrumb","itemListElement":[{"@type":"ListItem","position":1,"name":"Accueil","item":"https:\/\/culture.ixelles.be\/fr\/"},{"@type":"ListItem","position":2,"name":"Nouvelle brochure &lsquo;Culture \u00e0 Ixelles&rsquo;"}]},{"@type":"WebSite","@id":"https:\/\/culture.ixelles.be\/fr\/#website","url":"https:\/\/culture.ixelles.be\/fr\/","name":"Ixelles","description":"","publisher":{"@id":"https:\/\/culture.ixelles.be\/fr\/#organization"},"potentialAction":[{"@type":"SearchAction","target":{"@type":"EntryPoint","urlTemplate":"https:\/\/culture.ixelles.be\/fr\/?s={search_term_string}"},"query-input":{"@type":"PropertyValueSpecification","valueRequired":true,"valueName":"search_term_string"}}],"inLanguage":"fr-FR"},{"@type":"Organization","@id":"https:\/\/culture.ixelles.be\/fr\/#organization","name":"Service culture Ixelles","url":"https:\/\/culture.ixelles.be\/fr\/","logo":{"@type":"ImageObject","inLanguage":"fr-FR","@id":"https:\/\/culture.ixelles.be\/fr\/#\/schema\/logo\/image\/","url":"https:\/\/culture.ixelles.be\/wp-content\/uploads\/2021\/05\/ixelles_green.svg","contentUrl":"https:\/\/culture.ixelles.be\/wp-content\/uploads\/2021\/05\/ixelles_green.svg","width":1,"height":1,"caption":"Service culture Ixelles"},"image":{"@id":"https:\/\/culture.ixelles.be\/fr\/#\/schema\/logo\/image\/"}},{"@type":"Person","@id":"https:\/\/culture.ixelles.be\/fr\/#\/schema\/person\/66ec5d810b97664356a06c0a892ab676","name":"Mathilde Oechsner","url":"https:\/\/culture.ixelles.be\/fr\/author\/mathilde\/"}]}},"jetpack_featured_media_url":"","_links":{"self":[{"href":"https:\/\/culture.ixelles.be\/fr\/wp-json\/wp\/v2\/posts\/1326005"}],"collection":[{"href":"https:\/\/culture.ixelles.be\/fr\/wp-json\/wp\/v2\/posts"}],"about":[{"href":"https:\/\/culture.ixelles.be\/fr\/wp-json\/wp\/v2\/types\/post"}],"author":[{"embeddable":true,"href":"https:\/\/culture.ixelles.be\/fr\/wp-json\/wp\/v2\/users\/4"}],"replies":[{"embeddable":true,"href":"https:\/\/culture.ixelles.be\/fr\/wp-json\/wp\/v2\/comments?post=1326005"}],"version-history":[{"count":0,"href":"https:\/\/culture.ixelles.be\/fr\/wp-json\/wp\/v2\/posts\/1326005\/revisions"}],"wp:attachment":[{"href":"https:\/\/culture.ixelles.be\/fr\/wp-json\/wp\/v2\/media?parent=1326005"}],"wp:term":[{"taxonomy":"category","embeddable":true,"href":"https:\/\/culture.ixelles.be\/fr\/wp-json\/wp\/v2\/categories?post=1326005"},{"taxonomy":"post_tag","embeddable":true,"href":"https:\/\/culture.ixelles.be\/fr\/wp-json\/wp\/v2\/tags?post=1326005"}],"curies":[{"name":"wp","href":"https:\/\/api.w.org\/{rel}","templated":true}]}}