{"id":1326020,"date":"2021-09-27T10:10:15","date_gmt":"2021-09-27T10:10:15","guid":{"rendered":"https:\/\/culture.ixelles.be\/155940\/"},"modified":"2025-10-23T07:46:11","modified_gmt":"2025-10-23T07:46:11","slug":"155940","status":"publish","type":"post","link":"https:\/\/culture.ixelles.be\/fr\/155940\/","title":{"rendered":"Laura Nsengiyumva"},"content":{"rendered":"<div class=\"wpb-content-wrapper\"><div style=\"margin-top: 0px; margin-bottom: 0px;\" class=\"sharethis-inline-share-buttons\" ><\/div><p>[vc_row][vc_column][vc_column_text]Laura Nsengiyumva se d\u00e9finit comme une \u00ab artiviste \u00bb, m\u00ealant ainsi sa pratique artistique \u00e0 son engagement activiste.<\/p>\n<p>Initialement form\u00e9e en architecture, Laura est une artiste multidisciplinaire. Ses \u0153uvres vont de l\u2019installation temporaire aux installations vid\u00e9o, en passant par la performance.<\/p>\n<p>Elle identifie son \u0153uvre l\u2019expression d\u2019une exp\u00e9rience diasporique. La critique d\u00e9coloniale y occupe une place centrale, r\u00e9pondant \u00e0 une n\u00e9cessit\u00e9 de la mat\u00e9rialiser et ainsi de cr\u00e9er de nouveaux liens sociaux.<\/p>\n<p>&nbsp;<\/p>\n<p>Laura \u00e9tait en r\u00e9sidence \u00e0 KULT XL Ateliers de juillet 2021 \u00e0 juillet 2023.[\/vc_column_text][\/vc_column][\/vc_row][vc_row css=\u00a0\u00bb.vc_custom_1634042322533{margin-bottom: 30px !important;}\u00a0\u00bb][vc_column width=\u00a0\u00bb1\/6&Prime;][\/vc_column][vc_column width=\u00a0\u00bb1\/6&Prime;][\/vc_column][vc_column width=\u00a0\u00bb1\/6&Prime;]<div class=\"ult-just-icon-wrapper  \"><div class=\"align-icon\" style=\"text-align:center;\">\n<a class=\"aio-tooltip 69ef5c090f6f1\" href=\"https:\/\/www.facebook.com\/laura.nsengiyumva\"  data-toggle=\"tooltip\" data-placement=\"\"><div class=\"aio-icon none \"  style=\"color:#515151;font-size:32px;display:inline-block;\">\n\t<i class=\"Defaults-facebook-square\"><\/i>\n<\/div><\/a><\/div><\/div>[\/vc_column][vc_column width=\u00a0\u00bb1\/6&Prime;]<div class=\"ult-just-icon-wrapper  \"><div class=\"align-icon\" style=\"text-align:center;\">\n<a class=\"aio-tooltip 69ef5c090f781\" href=\"https:\/\/www.instagram.com\/lauransengiyumva\/\"  data-toggle=\"tooltip\" data-placement=\"\"><div class=\"aio-icon none \"  style=\"color:#515151;font-size:32px;display:inline-block;\">\n\t<i class=\"Defaults-instagram\"><\/i>\n<\/div><\/a><\/div><\/div>[\/vc_column][vc_column width=\u00a0\u00bb1\/6&Prime;][\/vc_column][vc_column width=\u00a0\u00bb1\/6&Prime;][\/vc_column][\/vc_row][vc_row][vc_column width=\u00a0\u00bb1\/4&Prime;][\/vc_column][vc_column width=\u00a0\u00bb1\/2&Prime;][vc_video link=\u00a0\u00bbhttps:\/\/www.youtube.com\/watch?v=cwAB-ccXnrg\u00a0\u00bb][\/vc_column][vc_column width=\u00a0\u00bb1\/4&Prime;][\/vc_column][\/vc_row][vc_row][vc_column width=\u00a0\u00bb1\/5&Prime;][\/vc_column][vc_column width=\u00a0\u00bb3\/5&Prime;][vc_gallery interval=\u00a0\u00bb3&Prime; images=\u00a0\u00bb1332417&Prime; img_size=\u00a0\u00bb1700&#215;1500&Prime;][\/vc_column][vc_column width=\u00a0\u00bb1\/5&Prime;][\/vc_column][\/vc_row]<\/p>\n<\/div>","protected":false},"excerpt":{"rendered":"<p>[vc_row][vc_column][vc_column_text]Laura Nsengiyumva se d\u00e9finit comme une \u00ab artiviste \u00bb, m\u00ealant ainsi sa pratique artistique \u00e0 son engagement activiste. Initialement form\u00e9e en architecture, Laura est une artiste multidisciplinaire. Ses \u0153uvres vont de l\u2019installation temporaire aux installations vid\u00e9o, en passant par la performance. Elle identifie son \u0153uvre l\u2019expression d\u2019une exp\u00e9rience diasporique. La critique d\u00e9coloniale y occupe une [&hellip;]<\/p>\n","protected":false},"author":4,"featured_media":0,"comment_status":"closed","ping_status":"closed","sticky":false,"template":"","format":"standard","meta":{"_acf_changed":false,"_monsterinsights_skip_tracking":false,"_monsterinsights_sitenote_active":false,"_monsterinsights_sitenote_note":"","_monsterinsights_sitenote_category":0,"footnotes":""},"categories":[418],"tags":[],"acf":[],"yoast_head":"<!-- This site is optimized with the Yoast SEO plugin v24.5 - https:\/\/yoast.com\/wordpress\/plugins\/seo\/ -->\n<title>Laura Nsengiyumva - Ixelles<\/title>\n<meta name=\"description\" content=\"Laura Nsengiyumva est une \u00ab artiviste \u00bb. Initialement form\u00e9e en architecture, Laura est une artiste multidisciplinaire. Elle est actuellement en r\u00e9sidence \u00e0 KULT XL Ateliers.\" \/>\n<meta name=\"robots\" content=\"index, follow, max-snippet:-1, max-image-preview:large, max-video-preview:-1\" \/>\n<link rel=\"canonical\" href=\"https:\/\/culture.ixelles.be\/fr\/155940\/\" \/>\n<meta property=\"og:locale\" content=\"fr_FR\" \/>\n<meta property=\"og:type\" content=\"article\" \/>\n<meta property=\"og:title\" content=\"Laura Nsengiyumva - Ixelles\" \/>\n<meta property=\"og:description\" content=\"Laura Nsengiyumva est une \u00ab artiviste \u00bb. Initialement form\u00e9e en architecture, Laura est une artiste multidisciplinaire. Elle est actuellement en r\u00e9sidence \u00e0 KULT XL Ateliers.\" \/>\n<meta property=\"og:url\" content=\"https:\/\/culture.ixelles.be\/fr\/155940\/\" \/>\n<meta property=\"og:site_name\" content=\"Ixelles\" \/>\n<meta property=\"article:published_time\" content=\"2021-09-27T10:10:15+00:00\" \/>\n<meta property=\"article:modified_time\" content=\"2025-10-23T07:46:11+00:00\" \/>\n<meta name=\"author\" content=\"Mathilde Oechsner\" \/>\n<meta name=\"twitter:card\" content=\"summary_large_image\" \/>\n<meta name=\"twitter:label1\" content=\"\u00c9crit par\" \/>\n\t<meta name=\"twitter:data1\" content=\"Mathilde Oechsner\" \/>\n\t<meta name=\"twitter:label2\" content=\"Dur\u00e9e de lecture estim\u00e9e\" \/>\n\t<meta name=\"twitter:data2\" content=\"1 minute\" \/>\n<script type=\"application\/ld+json\" class=\"yoast-schema-graph\">{\"@context\":\"https:\/\/schema.org\",\"@graph\":[{\"@type\":\"Article\",\"@id\":\"https:\/\/culture.ixelles.be\/fr\/155940\/#article\",\"isPartOf\":{\"@id\":\"https:\/\/culture.ixelles.be\/fr\/155940\/\"},\"author\":{\"name\":\"Mathilde Oechsner\",\"@id\":\"https:\/\/culture.ixelles.be\/fr\/#\/schema\/person\/66ec5d810b97664356a06c0a892ab676\"},\"headline\":\"Laura Nsengiyumva\",\"datePublished\":\"2021-09-27T10:10:15+00:00\",\"dateModified\":\"2025-10-23T07:46:11+00:00\",\"mainEntityOfPage\":{\"@id\":\"https:\/\/culture.ixelles.be\/fr\/155940\/\"},\"wordCount\":242,\"publisher\":{\"@id\":\"https:\/\/culture.ixelles.be\/fr\/#organization\"},\"articleSection\":[\"R\u00e9sidences 2021-2023\"],\"inLanguage\":\"fr-FR\"},{\"@type\":\"WebPage\",\"@id\":\"https:\/\/culture.ixelles.be\/fr\/155940\/\",\"url\":\"https:\/\/culture.ixelles.be\/fr\/155940\/\",\"name\":\"Laura Nsengiyumva - Ixelles\",\"isPartOf\":{\"@id\":\"https:\/\/culture.ixelles.be\/fr\/#website\"},\"datePublished\":\"2021-09-27T10:10:15+00:00\",\"dateModified\":\"2025-10-23T07:46:11+00:00\",\"description\":\"Laura Nsengiyumva est une \u00ab artiviste \u00bb. Initialement form\u00e9e en architecture, Laura est une artiste multidisciplinaire. Elle est actuellement en r\u00e9sidence \u00e0 KULT XL Ateliers.\",\"breadcrumb\":{\"@id\":\"https:\/\/culture.ixelles.be\/fr\/155940\/#breadcrumb\"},\"inLanguage\":\"fr-FR\",\"potentialAction\":[{\"@type\":\"ReadAction\",\"target\":[\"https:\/\/culture.ixelles.be\/fr\/155940\/\"]}]},{\"@type\":\"BreadcrumbList\",\"@id\":\"https:\/\/culture.ixelles.be\/fr\/155940\/#breadcrumb\",\"itemListElement\":[{\"@type\":\"ListItem\",\"position\":1,\"name\":\"Accueil\",\"item\":\"https:\/\/culture.ixelles.be\/fr\/\"},{\"@type\":\"ListItem\",\"position\":2,\"name\":\"Laura Nsengiyumva\"}]},{\"@type\":\"WebSite\",\"@id\":\"https:\/\/culture.ixelles.be\/fr\/#website\",\"url\":\"https:\/\/culture.ixelles.be\/fr\/\",\"name\":\"Ixelles\",\"description\":\"\",\"publisher\":{\"@id\":\"https:\/\/culture.ixelles.be\/fr\/#organization\"},\"potentialAction\":[{\"@type\":\"SearchAction\",\"target\":{\"@type\":\"EntryPoint\",\"urlTemplate\":\"https:\/\/culture.ixelles.be\/fr\/?s={search_term_string}\"},\"query-input\":{\"@type\":\"PropertyValueSpecification\",\"valueRequired\":true,\"valueName\":\"search_term_string\"}}],\"inLanguage\":\"fr-FR\"},{\"@type\":\"Organization\",\"@id\":\"https:\/\/culture.ixelles.be\/fr\/#organization\",\"name\":\"Service culture Ixelles\",\"url\":\"https:\/\/culture.ixelles.be\/fr\/\",\"logo\":{\"@type\":\"ImageObject\",\"inLanguage\":\"fr-FR\",\"@id\":\"https:\/\/culture.ixelles.be\/fr\/#\/schema\/logo\/image\/\",\"url\":\"https:\/\/culture.ixelles.be\/wp-content\/uploads\/2021\/05\/ixelles_green.svg\",\"contentUrl\":\"https:\/\/culture.ixelles.be\/wp-content\/uploads\/2021\/05\/ixelles_green.svg\",\"width\":1,\"height\":1,\"caption\":\"Service culture Ixelles\"},\"image\":{\"@id\":\"https:\/\/culture.ixelles.be\/fr\/#\/schema\/logo\/image\/\"}},{\"@type\":\"Person\",\"@id\":\"https:\/\/culture.ixelles.be\/fr\/#\/schema\/person\/66ec5d810b97664356a06c0a892ab676\",\"name\":\"Mathilde Oechsner\",\"url\":\"https:\/\/culture.ixelles.be\/fr\/author\/mathilde\/\"}]}<\/script>\n<!-- \/ Yoast SEO plugin. -->","yoast_head_json":{"title":"Laura Nsengiyumva - Ixelles","description":"Laura Nsengiyumva est une \u00ab artiviste \u00bb. Initialement form\u00e9e en architecture, Laura est une artiste multidisciplinaire. Elle est actuellement en r\u00e9sidence \u00e0 KULT XL Ateliers.","robots":{"index":"index","follow":"follow","max-snippet":"max-snippet:-1","max-image-preview":"max-image-preview:large","max-video-preview":"max-video-preview:-1"},"canonical":"https:\/\/culture.ixelles.be\/fr\/155940\/","og_locale":"fr_FR","og_type":"article","og_title":"Laura Nsengiyumva - Ixelles","og_description":"Laura Nsengiyumva est une \u00ab artiviste \u00bb. Initialement form\u00e9e en architecture, Laura est une artiste multidisciplinaire. Elle est actuellement en r\u00e9sidence \u00e0 KULT XL Ateliers.","og_url":"https:\/\/culture.ixelles.be\/fr\/155940\/","og_site_name":"Ixelles","article_published_time":"2021-09-27T10:10:15+00:00","article_modified_time":"2025-10-23T07:46:11+00:00","author":"Mathilde Oechsner","twitter_card":"summary_large_image","twitter_misc":{"\u00c9crit par":"Mathilde Oechsner","Dur\u00e9e de lecture estim\u00e9e":"1 minute"},"schema":{"@context":"https:\/\/schema.org","@graph":[{"@type":"Article","@id":"https:\/\/culture.ixelles.be\/fr\/155940\/#article","isPartOf":{"@id":"https:\/\/culture.ixelles.be\/fr\/155940\/"},"author":{"name":"Mathilde Oechsner","@id":"https:\/\/culture.ixelles.be\/fr\/#\/schema\/person\/66ec5d810b97664356a06c0a892ab676"},"headline":"Laura Nsengiyumva","datePublished":"2021-09-27T10:10:15+00:00","dateModified":"2025-10-23T07:46:11+00:00","mainEntityOfPage":{"@id":"https:\/\/culture.ixelles.be\/fr\/155940\/"},"wordCount":242,"publisher":{"@id":"https:\/\/culture.ixelles.be\/fr\/#organization"},"articleSection":["R\u00e9sidences 2021-2023"],"inLanguage":"fr-FR"},{"@type":"WebPage","@id":"https:\/\/culture.ixelles.be\/fr\/155940\/","url":"https:\/\/culture.ixelles.be\/fr\/155940\/","name":"Laura Nsengiyumva - Ixelles","isPartOf":{"@id":"https:\/\/culture.ixelles.be\/fr\/#website"},"datePublished":"2021-09-27T10:10:15+00:00","dateModified":"2025-10-23T07:46:11+00:00","description":"Laura Nsengiyumva est une \u00ab artiviste \u00bb. Initialement form\u00e9e en architecture, Laura est une artiste multidisciplinaire. Elle est actuellement en r\u00e9sidence \u00e0 KULT XL Ateliers.","breadcrumb":{"@id":"https:\/\/culture.ixelles.be\/fr\/155940\/#breadcrumb"},"inLanguage":"fr-FR","potentialAction":[{"@type":"ReadAction","target":["https:\/\/culture.ixelles.be\/fr\/155940\/"]}]},{"@type":"BreadcrumbList","@id":"https:\/\/culture.ixelles.be\/fr\/155940\/#breadcrumb","itemListElement":[{"@type":"ListItem","position":1,"name":"Accueil","item":"https:\/\/culture.ixelles.be\/fr\/"},{"@type":"ListItem","position":2,"name":"Laura Nsengiyumva"}]},{"@type":"WebSite","@id":"https:\/\/culture.ixelles.be\/fr\/#website","url":"https:\/\/culture.ixelles.be\/fr\/","name":"Ixelles","description":"","publisher":{"@id":"https:\/\/culture.ixelles.be\/fr\/#organization"},"potentialAction":[{"@type":"SearchAction","target":{"@type":"EntryPoint","urlTemplate":"https:\/\/culture.ixelles.be\/fr\/?s={search_term_string}"},"query-input":{"@type":"PropertyValueSpecification","valueRequired":true,"valueName":"search_term_string"}}],"inLanguage":"fr-FR"},{"@type":"Organization","@id":"https:\/\/culture.ixelles.be\/fr\/#organization","name":"Service culture Ixelles","url":"https:\/\/culture.ixelles.be\/fr\/","logo":{"@type":"ImageObject","inLanguage":"fr-FR","@id":"https:\/\/culture.ixelles.be\/fr\/#\/schema\/logo\/image\/","url":"https:\/\/culture.ixelles.be\/wp-content\/uploads\/2021\/05\/ixelles_green.svg","contentUrl":"https:\/\/culture.ixelles.be\/wp-content\/uploads\/2021\/05\/ixelles_green.svg","width":1,"height":1,"caption":"Service culture Ixelles"},"image":{"@id":"https:\/\/culture.ixelles.be\/fr\/#\/schema\/logo\/image\/"}},{"@type":"Person","@id":"https:\/\/culture.ixelles.be\/fr\/#\/schema\/person\/66ec5d810b97664356a06c0a892ab676","name":"Mathilde Oechsner","url":"https:\/\/culture.ixelles.be\/fr\/author\/mathilde\/"}]}},"jetpack_featured_media_url":"","_links":{"self":[{"href":"https:\/\/culture.ixelles.be\/fr\/wp-json\/wp\/v2\/posts\/1326020"}],"collection":[{"href":"https:\/\/culture.ixelles.be\/fr\/wp-json\/wp\/v2\/posts"}],"about":[{"href":"https:\/\/culture.ixelles.be\/fr\/wp-json\/wp\/v2\/types\/post"}],"author":[{"embeddable":true,"href":"https:\/\/culture.ixelles.be\/fr\/wp-json\/wp\/v2\/users\/4"}],"replies":[{"embeddable":true,"href":"https:\/\/culture.ixelles.be\/fr\/wp-json\/wp\/v2\/comments?post=1326020"}],"version-history":[{"count":1,"href":"https:\/\/culture.ixelles.be\/fr\/wp-json\/wp\/v2\/posts\/1326020\/revisions"}],"predecessor-version":[{"id":1496063,"href":"https:\/\/culture.ixelles.be\/fr\/wp-json\/wp\/v2\/posts\/1326020\/revisions\/1496063"}],"wp:attachment":[{"href":"https:\/\/culture.ixelles.be\/fr\/wp-json\/wp\/v2\/media?parent=1326020"}],"wp:term":[{"taxonomy":"category","embeddable":true,"href":"https:\/\/culture.ixelles.be\/fr\/wp-json\/wp\/v2\/categories?post=1326020"},{"taxonomy":"post_tag","embeddable":true,"href":"https:\/\/culture.ixelles.be\/fr\/wp-json\/wp\/v2\/tags?post=1326020"}],"curies":[{"name":"wp","href":"https:\/\/api.w.org\/{rel}","templated":true}]}}