{"id":1326024,"date":"2021-10-12T10:03:58","date_gmt":"2021-10-12T10:03:58","guid":{"rendered":"https:\/\/culture.ixelles.be\/rencontre-avec-philippe-mailleux\/"},"modified":"2022-10-18T15:59:27","modified_gmt":"2022-10-18T15:59:27","slug":"rencontre-avec-philippe-mailleux","status":"publish","type":"post","link":"https:\/\/culture.ixelles.be\/fr\/rencontre-avec-philippe-mailleux\/","title":{"rendered":"Rencontre avec Philippe Mailleux"},"content":{"rendered":"<div class=\"wpb-content-wrapper\"><div style=\"margin-top: 0px; margin-bottom: 0px;\" class=\"sharethis-inline-share-buttons\" ><\/div><p>[vc_row][vc_column][vc_column_text]<\/p>\n<p style=\"text-align: center;\"><strong>Le photographe bruxellois Philippe Mailleux invite l\u2019\u00e9crivaine Ali\u00e9nor Debrocq pour une rencontre entre la photographie et la litt\u00e9ra\u00adture. Les expositions <em>Lisi\u00e8res<\/em> et <em>Ici un paysage<\/em> sont \u00e0 d\u00e9couvrir en octobre \u00e0 KULT XL Ate\u00adliers. <\/strong><\/p>\n<p style=\"text-align: center;\"><strong>Philippe Mailleux nous partage ce qui se cache derri\u00e8re ces beaux projets.<\/strong><\/p>\n<p>[\/vc_column_text][\/vc_column][\/vc_row][vc_row][vc_column width=\u00a0\u00bb1\/2&Prime;]<div class=\"vlthemes_custom_69f474865c172   vlt-testimonial-item vlt-testimonial-item--style-1\"><div class=\"icon\" data-swiper-parallax=\"-420\" style=\"color:;\"><i class=\"leedo-quote\"><\/i><\/div><div class=\"vlt-testimonial-item__content\"><p data-swiper-parallax=\"-280\" style=\"color:;\">J\u2019aime penser que je capture la quintessence d\u2019un paysage, les nombreuses histoires qui l\u2019ont habit\u00e9.<\/p><\/div><div class=\"vlt-testimonial-item__metas\"><h5 class=\"vlt-display-1\" data-swiper-parallax=\"-140\" style=\"color:;\">Philippe Mailleux<\/h5><\/div><\/div>[\/vc_column][vc_column width=\u00a0\u00bb1\/2&Prime;][vc_single_image image=\u00a0\u00bb1327201&Prime; img_size=\u00a0\u00bblarge\u00a0\u00bb][\/vc_column][\/vc_row][vc_row][vc_column][vc_column_text]<\/p>\n<h6 style=\"text-align: left;\"><strong>Pouvez-vous nous parler de votre d\u00e9marche artistique et de votre parcours professionnel ?<\/strong><\/h6>\n<p>Ma pratique artistique est tr\u00e8s diversifi\u00e9e : j\u2019ai \u00e9tudi\u00e9 la joaillerie il y a bien longtemps pour revenir au m\u00e9tal via la forge, fascin\u00e9 par la transformation de la mati\u00e8re. J\u2019explore sans cesse. La photographie est arriv\u00e9e plus tard, probablement le prolongement de l\u2019uni\u00advers sonore dans lequel je m\u2019exprimais d\u00e9j\u00e0. J\u2019aime penser que je capture la quintessence d\u2019un paysage, les nombreuses histoires qui l\u2019ont habit\u00e9.<\/p>\n<p>C\u00f4t\u00e9 parcours, j\u2019ai c\u00f4toy\u00e9 le photographe et plasticien Pierre Radisic \u00e0 l\u2019acad\u00e9mie des arts d\u2019Ixelles durant une ann\u00e9e pour ensuite peau\u00adfiner le c\u00f4t\u00e9 technique \u00e0 l\u2019\u00e9cole de la ville de Bruxelles. Plusieurs concours et expositions ont suivi par la suite.<\/p>\n<h6><strong>Comment \u00eates-vous arriv\u00e9 \u00e0 une collabora\u00adtion avec Ali\u00e9nor Debrocq ? <\/strong><\/h6>\n<p>J\u2019avais envie de sortir du cadre classique d\u2019une expo photo et de collaborer avec un\u2219e \u00e9crivain\u2219e. Les paysages que je photographie m\u2019ont \u00e9bahi ou remu\u00e9, ils ne pouvaient \u00eatre que source d\u2019inspiration pour l\u2019\u00e9crit.<\/p>\n<p>Ali\u00e9nor et moi avons partag\u00e9 une r\u00e9sidence artistique dans la Creuse en France, dont est n\u00e9 le r\u00e9cit textuel et photographique Ici un paysage. Sans avoir vu le travail de l\u2019autre du\u00adrant tout le s\u00e9jour, le r\u00e9sultat a \u00e9t\u00e9 une belle surprise. Je me suis dit que c\u2019\u00e9tait la bonne personne pour Lisi\u00e8res.<\/p>\n<h6><strong>Comment avez-vous con\u00e7u le projet Lisi\u00e8res ?<\/strong><\/h6>\n<p>Ce furent essentiellement des explorations m\u00e9ditatives, des d\u00e9ambulations, avec pour seule embarcation mon bo\u00eetier Plaubel Makina W67 et un film 120. Initialement, j\u2019imaginais pour l\u2019expo un petit texte par photo. J\u2019ai fini par laisser libre cours \u00e0 Ali\u00e9nor dans l\u2019attente de ce que mes images d\u00e9clenche\u00adraient chez elle.<\/p>\n<p>Quatre textes racont\u00e9s ont \u00e9t\u00e9 grav\u00e9s sur vinyle pour l\u2019expo, \u00e0 la mani\u00e8re des histoires que nous placions enfant sur la platine, mais il sera aussi possible de les \u00e9couter via un QR code.<\/p>\n<p>Lisi\u00e8res a \u00e9galement fait l\u2019objet d\u2019une publi\u00adcation parue r\u00e9cemment chez ONLIT \u00e9dition.[\/vc_column_text][\/vc_column][\/vc_row][vc_row][vc_column width=\u00a0\u00bb1\/4&Prime;][vc_single_image image=\u00a0\u00bb1326031&Prime; img_size=\u00a0\u00bbfull\u00a0\u00bb][vc_btn title=\u00a0\u00bbVoir la publication\u00a0\u00bb style=\u00a0\u00bbflat\u00a0\u00bb align=\u00a0\u00bbcenter\u00a0\u00bb link=\u00a0\u00bburl:https%3A%2F%2Fwww.onlit.net%2Fcollections%2Fonlit-mini%2Fproducts%2Flisieres|target:_blank\u00a0\u00bb el_class=\u00a0\u00bbixellesButton\u00a0\u00bb][\/vc_column][vc_column width=\u00a0\u00bb1\/4&Prime;][vc_column_text]Ali\u00e9nor Debrocq &amp; Philippe Mailleux, Lisi\u00e8res,<br \/>\nONLIT Editions, 2021<br \/>\nISBN : 978-2-87560-137-7<br \/>\nCouverture : Studio Alvin[\/vc_column_text][\/vc_column][vc_column width=\u00a0\u00bb2\/4&Prime;][vc_custom_heading text=\u00a0\u00bbInformations pratiques\u00a0\u00bb use_theme_fonts=\u00a0\u00bbyes\u00a0\u00bb][vc_column_text]<strong>EXPOSITION <\/strong><strong>\u00ab Lisi\u00e8res \u00bb et \u00ab Ici un paysage \u00bb\u00a0<\/strong><\/p>\n<p><strong> Philippe Mailleux &amp; Ali\u00e9nor Debrocq<\/strong><\/p>\n<p><strong>07\/10 &gt; 24\/10\/2021<\/strong><\/p>\n<p><a href=\"https:\/\/culture.ixelles.be\/fr\/places\/kult-xl-ateliers\/\">KULT XL Ateliers &#8211; EXPO<\/a><br \/>\nRue Wiertz 23 &#8211; 1050 Ixelles<\/p>\n<p><strong>Horaires<\/strong><\/p>\n<ul>\n<li>Jeudi &gt; Vendredi: 14:00-18:00<\/li>\n<li>Samedi &gt; Dimanche: 11:00-18:00<\/li>\n<\/ul>\n<p>Gratuit<br \/>\nSans r\u00e9servation[\/vc_column_text][vc_btn title=\u00a0\u00bbVoir l&rsquo;\u00e9v\u00e8nement\u00a0\u00bb style=\u00a0\u00bbflat\u00a0\u00bb align=\u00a0\u00bbcenter\u00a0\u00bb link=\u00a0\u00bburl:https%3A%2F%2Fculture.ixelles.be%2Ffr%2Fevents%2Flisieres-ici-un-paysage%2F|title:Lisi%C3%A8res%20%26%20Ici%20un%20paysage|target:_blank\u00a0\u00bb el_class=\u00a0\u00bbixellesButton\u00a0\u00bb][\/vc_column][\/vc_row]<\/p>\n<\/div>","protected":false},"excerpt":{"rendered":"<p>[vc_row][vc_column][vc_column_text] Le photographe bruxellois Philippe Mailleux invite l\u2019\u00e9crivaine Ali\u00e9nor Debrocq pour une rencontre entre la photographie et la litt\u00e9ra\u00adture. Les expositions Lisi\u00e8res et Ici un paysage sont \u00e0 d\u00e9couvrir en octobre \u00e0 KULT XL Ate\u00adliers. Philippe Mailleux nous partage ce qui se cache derri\u00e8re ces beaux projets. [\/vc_column_text][\/vc_column][\/vc_row][vc_row][vc_column width=\u00a0\u00bb1\/2&Prime;][\/vc_column][vc_column width=\u00a0\u00bb1\/2&Prime;][vc_single_image image=\u00a0\u00bb1327201&Prime; img_size=\u00a0\u00bblarge\u00a0\u00bb][\/vc_column][\/vc_row][vc_row][vc_column][vc_column_text] Pouvez-vous nous parler [&hellip;]<\/p>\n","protected":false},"author":4,"featured_media":1326025,"comment_status":"closed","ping_status":"closed","sticky":false,"template":"","format":"standard","meta":{"_acf_changed":false,"_monsterinsights_skip_tracking":false,"_monsterinsights_sitenote_active":false,"_monsterinsights_sitenote_note":"","_monsterinsights_sitenote_category":0,"footnotes":""},"categories":[88,87],"tags":[],"acf":[],"yoast_head":"<!-- This site is optimized with the Yoast SEO plugin v24.5 - https:\/\/yoast.com\/wordpress\/plugins\/seo\/ -->\n<title>Rencontre avec Philippe Mailleux - Ixelles<\/title>\n<meta name=\"description\" content=\"Le photographe bruxellois Philippe Mailleux invite l\u2019\u00e9crivaine Ali\u00e9nor Debrocq pour une rencontre entre la photographie et la litt\u00e9ra\u00adture. Les expositions Lisi\u00e8res et Ici un paysage sont \u00e0 d\u00e9couvrir en octobre 2021 \u00e0 KULT XL Ate\u00adliers \u00e0 Ixelles.\" \/>\n<meta name=\"robots\" content=\"index, follow, max-snippet:-1, max-image-preview:large, max-video-preview:-1\" \/>\n<link rel=\"canonical\" href=\"https:\/\/culture.ixelles.be\/fr\/rencontre-avec-philippe-mailleux\/\" \/>\n<meta property=\"og:locale\" content=\"fr_FR\" \/>\n<meta property=\"og:type\" content=\"article\" \/>\n<meta property=\"og:title\" content=\"Rencontre avec Philippe Mailleux - Ixelles\" \/>\n<meta property=\"og:description\" content=\"Le photographe bruxellois Philippe Mailleux invite l\u2019\u00e9crivaine Ali\u00e9nor Debrocq pour une rencontre entre la photographie et la litt\u00e9ra\u00adture. Les expositions Lisi\u00e8res et Ici un paysage sont \u00e0 d\u00e9couvrir en octobre 2021 \u00e0 KULT XL Ate\u00adliers \u00e0 Ixelles.\" \/>\n<meta property=\"og:url\" content=\"https:\/\/culture.ixelles.be\/fr\/rencontre-avec-philippe-mailleux\/\" \/>\n<meta property=\"og:site_name\" content=\"Ixelles\" \/>\n<meta property=\"article:published_time\" content=\"2021-10-12T10:03:58+00:00\" \/>\n<meta property=\"article:modified_time\" content=\"2022-10-18T15:59:27+00:00\" \/>\n<meta property=\"og:image\" content=\"https:\/\/culture.ixelles.be\/wp-content\/uploads\/2022\/10\/mailleux09.jpg\" \/>\n\t<meta property=\"og:image:width\" content=\"1181\" \/>\n\t<meta property=\"og:image:height\" content=\"945\" \/>\n\t<meta property=\"og:image:type\" content=\"image\/jpeg\" \/>\n<meta name=\"author\" content=\"Mathilde Oechsner\" \/>\n<meta name=\"twitter:card\" content=\"summary_large_image\" \/>\n<meta name=\"twitter:label1\" content=\"\u00c9crit par\" \/>\n\t<meta name=\"twitter:data1\" content=\"Mathilde Oechsner\" \/>\n\t<meta name=\"twitter:label2\" content=\"Dur\u00e9e de lecture estim\u00e9e\" \/>\n\t<meta name=\"twitter:data2\" content=\"3 minutes\" \/>\n<script type=\"application\/ld+json\" class=\"yoast-schema-graph\">{\"@context\":\"https:\/\/schema.org\",\"@graph\":[{\"@type\":\"Article\",\"@id\":\"https:\/\/culture.ixelles.be\/fr\/rencontre-avec-philippe-mailleux\/#article\",\"isPartOf\":{\"@id\":\"https:\/\/culture.ixelles.be\/fr\/rencontre-avec-philippe-mailleux\/\"},\"author\":{\"name\":\"Mathilde Oechsner\",\"@id\":\"https:\/\/culture.ixelles.be\/fr\/#\/schema\/person\/66ec5d810b97664356a06c0a892ab676\"},\"headline\":\"Rencontre avec Philippe Mailleux\",\"datePublished\":\"2021-10-12T10:03:58+00:00\",\"dateModified\":\"2022-10-18T15:59:27+00:00\",\"mainEntityOfPage\":{\"@id\":\"https:\/\/culture.ixelles.be\/fr\/rencontre-avec-philippe-mailleux\/\"},\"wordCount\":665,\"publisher\":{\"@id\":\"https:\/\/culture.ixelles.be\/fr\/#organization\"},\"image\":{\"@id\":\"https:\/\/culture.ixelles.be\/fr\/rencontre-avec-philippe-mailleux\/#primaryimage\"},\"thumbnailUrl\":\"https:\/\/culture.ixelles.be\/wp-content\/uploads\/2022\/10\/mailleux09.jpg\",\"articleSection\":[\"Ev\u00e9nements\",\"Portraits\"],\"inLanguage\":\"fr-FR\"},{\"@type\":\"WebPage\",\"@id\":\"https:\/\/culture.ixelles.be\/fr\/rencontre-avec-philippe-mailleux\/\",\"url\":\"https:\/\/culture.ixelles.be\/fr\/rencontre-avec-philippe-mailleux\/\",\"name\":\"Rencontre avec Philippe Mailleux - Ixelles\",\"isPartOf\":{\"@id\":\"https:\/\/culture.ixelles.be\/fr\/#website\"},\"primaryImageOfPage\":{\"@id\":\"https:\/\/culture.ixelles.be\/fr\/rencontre-avec-philippe-mailleux\/#primaryimage\"},\"image\":{\"@id\":\"https:\/\/culture.ixelles.be\/fr\/rencontre-avec-philippe-mailleux\/#primaryimage\"},\"thumbnailUrl\":\"https:\/\/culture.ixelles.be\/wp-content\/uploads\/2022\/10\/mailleux09.jpg\",\"datePublished\":\"2021-10-12T10:03:58+00:00\",\"dateModified\":\"2022-10-18T15:59:27+00:00\",\"description\":\"Le photographe bruxellois Philippe Mailleux invite l\u2019\u00e9crivaine Ali\u00e9nor Debrocq pour une rencontre entre la photographie et la litt\u00e9ra\u00adture. Les expositions Lisi\u00e8res et Ici un paysage sont \u00e0 d\u00e9couvrir en octobre 2021 \u00e0 KULT XL Ate\u00adliers \u00e0 Ixelles.\",\"breadcrumb\":{\"@id\":\"https:\/\/culture.ixelles.be\/fr\/rencontre-avec-philippe-mailleux\/#breadcrumb\"},\"inLanguage\":\"fr-FR\",\"potentialAction\":[{\"@type\":\"ReadAction\",\"target\":[\"https:\/\/culture.ixelles.be\/fr\/rencontre-avec-philippe-mailleux\/\"]}]},{\"@type\":\"ImageObject\",\"inLanguage\":\"fr-FR\",\"@id\":\"https:\/\/culture.ixelles.be\/fr\/rencontre-avec-philippe-mailleux\/#primaryimage\",\"url\":\"https:\/\/culture.ixelles.be\/wp-content\/uploads\/2022\/10\/mailleux09.jpg\",\"contentUrl\":\"https:\/\/culture.ixelles.be\/wp-content\/uploads\/2022\/10\/mailleux09.jpg\",\"width\":1181,\"height\":945,\"caption\":\"Lisi\u00e8res - Philippe Mailleux\"},{\"@type\":\"BreadcrumbList\",\"@id\":\"https:\/\/culture.ixelles.be\/fr\/rencontre-avec-philippe-mailleux\/#breadcrumb\",\"itemListElement\":[{\"@type\":\"ListItem\",\"position\":1,\"name\":\"Accueil\",\"item\":\"https:\/\/culture.ixelles.be\/fr\/\"},{\"@type\":\"ListItem\",\"position\":2,\"name\":\"Rencontre avec Philippe Mailleux\"}]},{\"@type\":\"WebSite\",\"@id\":\"https:\/\/culture.ixelles.be\/fr\/#website\",\"url\":\"https:\/\/culture.ixelles.be\/fr\/\",\"name\":\"Ixelles\",\"description\":\"\",\"publisher\":{\"@id\":\"https:\/\/culture.ixelles.be\/fr\/#organization\"},\"potentialAction\":[{\"@type\":\"SearchAction\",\"target\":{\"@type\":\"EntryPoint\",\"urlTemplate\":\"https:\/\/culture.ixelles.be\/fr\/?s={search_term_string}\"},\"query-input\":{\"@type\":\"PropertyValueSpecification\",\"valueRequired\":true,\"valueName\":\"search_term_string\"}}],\"inLanguage\":\"fr-FR\"},{\"@type\":\"Organization\",\"@id\":\"https:\/\/culture.ixelles.be\/fr\/#organization\",\"name\":\"Service culture Ixelles\",\"url\":\"https:\/\/culture.ixelles.be\/fr\/\",\"logo\":{\"@type\":\"ImageObject\",\"inLanguage\":\"fr-FR\",\"@id\":\"https:\/\/culture.ixelles.be\/fr\/#\/schema\/logo\/image\/\",\"url\":\"https:\/\/culture.ixelles.be\/wp-content\/uploads\/2021\/05\/ixelles_green.svg\",\"contentUrl\":\"https:\/\/culture.ixelles.be\/wp-content\/uploads\/2021\/05\/ixelles_green.svg\",\"width\":1,\"height\":1,\"caption\":\"Service culture Ixelles\"},\"image\":{\"@id\":\"https:\/\/culture.ixelles.be\/fr\/#\/schema\/logo\/image\/\"}},{\"@type\":\"Person\",\"@id\":\"https:\/\/culture.ixelles.be\/fr\/#\/schema\/person\/66ec5d810b97664356a06c0a892ab676\",\"name\":\"Mathilde Oechsner\",\"url\":\"https:\/\/culture.ixelles.be\/fr\/author\/mathilde\/\"}]}<\/script>\n<!-- \/ Yoast SEO plugin. -->","yoast_head_json":{"title":"Rencontre avec Philippe Mailleux - Ixelles","description":"Le photographe bruxellois Philippe Mailleux invite l\u2019\u00e9crivaine Ali\u00e9nor Debrocq pour une rencontre entre la photographie et la litt\u00e9ra\u00adture. Les expositions Lisi\u00e8res et Ici un paysage sont \u00e0 d\u00e9couvrir en octobre 2021 \u00e0 KULT XL Ate\u00adliers \u00e0 Ixelles.","robots":{"index":"index","follow":"follow","max-snippet":"max-snippet:-1","max-image-preview":"max-image-preview:large","max-video-preview":"max-video-preview:-1"},"canonical":"https:\/\/culture.ixelles.be\/fr\/rencontre-avec-philippe-mailleux\/","og_locale":"fr_FR","og_type":"article","og_title":"Rencontre avec Philippe Mailleux - Ixelles","og_description":"Le photographe bruxellois Philippe Mailleux invite l\u2019\u00e9crivaine Ali\u00e9nor Debrocq pour une rencontre entre la photographie et la litt\u00e9ra\u00adture. Les expositions Lisi\u00e8res et Ici un paysage sont \u00e0 d\u00e9couvrir en octobre 2021 \u00e0 KULT XL Ate\u00adliers \u00e0 Ixelles.","og_url":"https:\/\/culture.ixelles.be\/fr\/rencontre-avec-philippe-mailleux\/","og_site_name":"Ixelles","article_published_time":"2021-10-12T10:03:58+00:00","article_modified_time":"2022-10-18T15:59:27+00:00","og_image":[{"width":1181,"height":945,"url":"https:\/\/culture.ixelles.be\/wp-content\/uploads\/2022\/10\/mailleux09.jpg","type":"image\/jpeg"}],"author":"Mathilde Oechsner","twitter_card":"summary_large_image","twitter_misc":{"\u00c9crit par":"Mathilde Oechsner","Dur\u00e9e de lecture estim\u00e9e":"3 minutes"},"schema":{"@context":"https:\/\/schema.org","@graph":[{"@type":"Article","@id":"https:\/\/culture.ixelles.be\/fr\/rencontre-avec-philippe-mailleux\/#article","isPartOf":{"@id":"https:\/\/culture.ixelles.be\/fr\/rencontre-avec-philippe-mailleux\/"},"author":{"name":"Mathilde Oechsner","@id":"https:\/\/culture.ixelles.be\/fr\/#\/schema\/person\/66ec5d810b97664356a06c0a892ab676"},"headline":"Rencontre avec Philippe Mailleux","datePublished":"2021-10-12T10:03:58+00:00","dateModified":"2022-10-18T15:59:27+00:00","mainEntityOfPage":{"@id":"https:\/\/culture.ixelles.be\/fr\/rencontre-avec-philippe-mailleux\/"},"wordCount":665,"publisher":{"@id":"https:\/\/culture.ixelles.be\/fr\/#organization"},"image":{"@id":"https:\/\/culture.ixelles.be\/fr\/rencontre-avec-philippe-mailleux\/#primaryimage"},"thumbnailUrl":"https:\/\/culture.ixelles.be\/wp-content\/uploads\/2022\/10\/mailleux09.jpg","articleSection":["Ev\u00e9nements","Portraits"],"inLanguage":"fr-FR"},{"@type":"WebPage","@id":"https:\/\/culture.ixelles.be\/fr\/rencontre-avec-philippe-mailleux\/","url":"https:\/\/culture.ixelles.be\/fr\/rencontre-avec-philippe-mailleux\/","name":"Rencontre avec Philippe Mailleux - Ixelles","isPartOf":{"@id":"https:\/\/culture.ixelles.be\/fr\/#website"},"primaryImageOfPage":{"@id":"https:\/\/culture.ixelles.be\/fr\/rencontre-avec-philippe-mailleux\/#primaryimage"},"image":{"@id":"https:\/\/culture.ixelles.be\/fr\/rencontre-avec-philippe-mailleux\/#primaryimage"},"thumbnailUrl":"https:\/\/culture.ixelles.be\/wp-content\/uploads\/2022\/10\/mailleux09.jpg","datePublished":"2021-10-12T10:03:58+00:00","dateModified":"2022-10-18T15:59:27+00:00","description":"Le photographe bruxellois Philippe Mailleux invite l\u2019\u00e9crivaine Ali\u00e9nor Debrocq pour une rencontre entre la photographie et la litt\u00e9ra\u00adture. Les expositions Lisi\u00e8res et Ici un paysage sont \u00e0 d\u00e9couvrir en octobre 2021 \u00e0 KULT XL Ate\u00adliers \u00e0 Ixelles.","breadcrumb":{"@id":"https:\/\/culture.ixelles.be\/fr\/rencontre-avec-philippe-mailleux\/#breadcrumb"},"inLanguage":"fr-FR","potentialAction":[{"@type":"ReadAction","target":["https:\/\/culture.ixelles.be\/fr\/rencontre-avec-philippe-mailleux\/"]}]},{"@type":"ImageObject","inLanguage":"fr-FR","@id":"https:\/\/culture.ixelles.be\/fr\/rencontre-avec-philippe-mailleux\/#primaryimage","url":"https:\/\/culture.ixelles.be\/wp-content\/uploads\/2022\/10\/mailleux09.jpg","contentUrl":"https:\/\/culture.ixelles.be\/wp-content\/uploads\/2022\/10\/mailleux09.jpg","width":1181,"height":945,"caption":"Lisi\u00e8res - Philippe Mailleux"},{"@type":"BreadcrumbList","@id":"https:\/\/culture.ixelles.be\/fr\/rencontre-avec-philippe-mailleux\/#breadcrumb","itemListElement":[{"@type":"ListItem","position":1,"name":"Accueil","item":"https:\/\/culture.ixelles.be\/fr\/"},{"@type":"ListItem","position":2,"name":"Rencontre avec Philippe Mailleux"}]},{"@type":"WebSite","@id":"https:\/\/culture.ixelles.be\/fr\/#website","url":"https:\/\/culture.ixelles.be\/fr\/","name":"Ixelles","description":"","publisher":{"@id":"https:\/\/culture.ixelles.be\/fr\/#organization"},"potentialAction":[{"@type":"SearchAction","target":{"@type":"EntryPoint","urlTemplate":"https:\/\/culture.ixelles.be\/fr\/?s={search_term_string}"},"query-input":{"@type":"PropertyValueSpecification","valueRequired":true,"valueName":"search_term_string"}}],"inLanguage":"fr-FR"},{"@type":"Organization","@id":"https:\/\/culture.ixelles.be\/fr\/#organization","name":"Service culture Ixelles","url":"https:\/\/culture.ixelles.be\/fr\/","logo":{"@type":"ImageObject","inLanguage":"fr-FR","@id":"https:\/\/culture.ixelles.be\/fr\/#\/schema\/logo\/image\/","url":"https:\/\/culture.ixelles.be\/wp-content\/uploads\/2021\/05\/ixelles_green.svg","contentUrl":"https:\/\/culture.ixelles.be\/wp-content\/uploads\/2021\/05\/ixelles_green.svg","width":1,"height":1,"caption":"Service culture Ixelles"},"image":{"@id":"https:\/\/culture.ixelles.be\/fr\/#\/schema\/logo\/image\/"}},{"@type":"Person","@id":"https:\/\/culture.ixelles.be\/fr\/#\/schema\/person\/66ec5d810b97664356a06c0a892ab676","name":"Mathilde Oechsner","url":"https:\/\/culture.ixelles.be\/fr\/author\/mathilde\/"}]}},"jetpack_featured_media_url":"https:\/\/culture.ixelles.be\/wp-content\/uploads\/2022\/10\/mailleux09.jpg","_links":{"self":[{"href":"https:\/\/culture.ixelles.be\/fr\/wp-json\/wp\/v2\/posts\/1326024"}],"collection":[{"href":"https:\/\/culture.ixelles.be\/fr\/wp-json\/wp\/v2\/posts"}],"about":[{"href":"https:\/\/culture.ixelles.be\/fr\/wp-json\/wp\/v2\/types\/post"}],"author":[{"embeddable":true,"href":"https:\/\/culture.ixelles.be\/fr\/wp-json\/wp\/v2\/users\/4"}],"replies":[{"embeddable":true,"href":"https:\/\/culture.ixelles.be\/fr\/wp-json\/wp\/v2\/comments?post=1326024"}],"version-history":[{"count":0,"href":"https:\/\/culture.ixelles.be\/fr\/wp-json\/wp\/v2\/posts\/1326024\/revisions"}],"wp:featuredmedia":[{"embeddable":true,"href":"https:\/\/culture.ixelles.be\/fr\/wp-json\/wp\/v2\/media\/1326025"}],"wp:attachment":[{"href":"https:\/\/culture.ixelles.be\/fr\/wp-json\/wp\/v2\/media?parent=1326024"}],"wp:term":[{"taxonomy":"category","embeddable":true,"href":"https:\/\/culture.ixelles.be\/fr\/wp-json\/wp\/v2\/categories?post=1326024"},{"taxonomy":"post_tag","embeddable":true,"href":"https:\/\/culture.ixelles.be\/fr\/wp-json\/wp\/v2\/tags?post=1326024"}],"curies":[{"name":"wp","href":"https:\/\/api.w.org\/{rel}","templated":true}]}}