{"id":1326038,"date":"2021-10-12T14:40:06","date_gmt":"2021-10-12T14:40:06","guid":{"rendered":"https:\/\/culture.ixelles.be\/van-den-bear-de-la-musique-made-in-ixelles\/"},"modified":"2021-10-12T14:40:06","modified_gmt":"2021-10-12T14:40:06","slug":"van-den-bear-de-la-musique-made-in-ixelles","status":"publish","type":"post","link":"https:\/\/culture.ixelles.be\/fr\/van-den-bear-de-la-musique-made-in-ixelles\/","title":{"rendered":"Van Den Bear : de la musique &lsquo;Made in Ixelles&rsquo;"},"content":{"rendered":"<div class=\"wpb-content-wrapper\"><div style=\"margin-top: 0px; margin-bottom: 0px;\" class=\"sharethis-inline-share-buttons\" ><\/div><p>[vc_row][vc_column][vc_column_text]<strong>van den Bear\u00a0?<\/strong> C\u2019est un nom \u00e0 retenir et \u00e0 suivre sur nos sc\u00e8nes bruxelloises ces prochaines ann\u00e9es. Ce jeune groupe de \u00ab dark pop alternative post rock \u00bb a \u00e9t\u00e9 cr\u00e9\u00e9 en 2017. van den Bear r\u00e9p\u00e8te r\u00e9guli\u00e8rement dans son studio ixellois et a aussi choisi Ixelles pour tourner les captations vid\u00e9o de ses meilleures chansons\u2026<\/p>\n<p>&nbsp;<\/p>\n<p>La petite \u00e9quipe est emmen\u00e9e par Antoine van den Berg (guitare, voix), qui \u00e9crit, arrange et produit les chansons. Ing\u00e9nieur son de formation, celui-ci travaille \u00e0 la SAE Institute Brussels, une \u00e9cole de production audiovisuelle internationale proche de la Place Flagey, vivier cr\u00e9atif dans ce secteur.<\/p>\n<p>&nbsp;<\/p>\n<p>Pour l\u2019aventure van den Bear, il s\u2019est entour\u00e9 de Vincent Ricotta (guitare), Alejandro Feldman (basse) et Arthur Ross (batterie).<\/p>\n<p>Le groupe a d\u00e9j\u00e0 sorti deux EP (format musical de 4-5 titres)\u00a0: <em>Songs for a future vacation<\/em> et <em>Somewhere the trains are on time<\/em>, qui font tous deux la part belle aux ambiances sonores et \u00e0 la po\u00e9sie des textes.<\/p>\n<p>S\u2019inspirant notamment de The National, Radiohead ou de TV On the Radio, leurs chansons vous font voyager, vous invitent \u00e0 vous \u00e9garer\u2026<\/p>\n<p>&nbsp;<\/p>\n<p>En mars 2020, le groupe a du annuler plusieurs concerts pr\u00e9vus de longue date. Apr\u00e8s cette trop longue p\u00e9riode de latence, les van den Bear ont h\u00e2te de retrouver la sc\u00e8ne et leur public.<\/p>\n<p>&nbsp;<\/p>\n<p>N\u2019h\u00e9sitez pas \u00e0 vous plonger dans leur univers aux atmosph\u00e8res a\u00e9riennes, qui vous emportent subtilement ailleurs\u2026<\/p>\n<p>Les captations vid\u00e9os sont \u00e0 d\u00e9couvrir sur les r\u00e9seaux sociaux du groupe.[\/vc_column_text][\/vc_column][\/vc_row][vc_row][vc_column width=\u00a0\u00bb1\/6&Prime;][\/vc_column][vc_column width=\u00a0\u00bb1\/6&Prime;][\/vc_column][vc_column width=\u00a0\u00bb1\/6&Prime;]<div class=\"ult-just-icon-wrapper  \"><div class=\"align-icon\" style=\"text-align:center;\">\n<a class=\"aio-tooltip 69effa33b1747\" href=\"https:\/\/www.instagram.com\/vandenbear\/?hl=fr\" target=\"_blank\" rel=\"noopener\"  data-toggle=\"tooltip\" data-placement=\"\"><div class=\"aio-icon none \"  style=\"color:#333;font-size:32px;display:inline-block;\">\n\t<i class=\"Defaults-instagram\"><\/i>\n<\/div><\/a><\/div><\/div>[\/vc_column][vc_column width=\u00a0\u00bb1\/6&Prime;]<div class=\"ult-just-icon-wrapper  \"><div class=\"align-icon\" style=\"text-align:center;\">\n<a class=\"aio-tooltip 69effa33b1794\" href=\"https:\/\/www.facebook.com\/vandenbearmusic\/\" target=\"_blank\" rel=\"noopener\"  data-toggle=\"tooltip\" data-placement=\"\"><div class=\"aio-icon none \"  style=\"color:#515151;font-size:32px;display:inline-block;\">\n\t<i class=\"Defaults-facebook-square\"><\/i>\n<\/div><\/a><\/div><\/div>[\/vc_column][vc_column width=\u00a0\u00bb1\/6&Prime;][\/vc_column][vc_column width=\u00a0\u00bb1\/6&Prime;][\/vc_column][\/vc_row][vc_row][vc_column css=\u00a0\u00bb.vc_custom_1636970759787{margin-top: 15px !important;margin-bottom: 15px !important;}\u00a0\u00bb][vc_video link=\u00a0\u00bbhttps:\/\/youtu.be\/mp_Q_ZjT4PY\u00a0\u00bb el_width=\u00a0\u00bb80&Prime; align=\u00a0\u00bbcenter\u00a0\u00bb][\/vc_column][\/vc_row]<\/p>\n<\/div>","protected":false},"excerpt":{"rendered":"<p>[vc_row][vc_column][vc_column_text]van den Bear\u00a0? C\u2019est un nom \u00e0 retenir et \u00e0 suivre sur nos sc\u00e8nes bruxelloises ces prochaines ann\u00e9es. Ce jeune groupe de \u00ab dark pop alternative post rock \u00bb a \u00e9t\u00e9 cr\u00e9\u00e9 en 2017. van den Bear r\u00e9p\u00e8te r\u00e9guli\u00e8rement dans son studio ixellois et a aussi choisi Ixelles pour tourner les captations vid\u00e9o de ses [&hellip;]<\/p>\n","protected":false},"author":4,"featured_media":1326051,"comment_status":"open","ping_status":"open","sticky":false,"template":"","format":"standard","meta":{"_acf_changed":false,"_monsterinsights_skip_tracking":false,"_monsterinsights_sitenote_active":false,"_monsterinsights_sitenote_note":"","_monsterinsights_sitenote_category":0,"footnotes":""},"categories":[95,87],"tags":[],"acf":[],"yoast_head":"<!-- This site is optimized with the Yoast SEO plugin v24.5 - https:\/\/yoast.com\/wordpress\/plugins\/seo\/ -->\n<title>Van Den Bear : de la musique &#039;Made in Ixelles&#039; - Ixelles<\/title>\n<meta name=\"description\" content=\"Van den Bear est un jeune groupe de \u00ab dark pop alternative post rock \u00bb. Ils ont choisi Ixelles pour tourner les captations vid\u00e9o de ses meilleures chansons.\" \/>\n<meta name=\"robots\" content=\"index, follow, max-snippet:-1, max-image-preview:large, max-video-preview:-1\" \/>\n<link rel=\"canonical\" href=\"https:\/\/culture.ixelles.be\/fr\/van-den-bear-de-la-musique-made-in-ixelles\/\" \/>\n<meta property=\"og:locale\" content=\"fr_FR\" \/>\n<meta property=\"og:type\" content=\"article\" \/>\n<meta property=\"og:title\" content=\"Van Den Bear : de la musique &#039;Made in Ixelles&#039; - Ixelles\" \/>\n<meta property=\"og:description\" content=\"Van den Bear est un jeune groupe de \u00ab dark pop alternative post rock \u00bb. Ils ont choisi Ixelles pour tourner les captations vid\u00e9o de ses meilleures chansons.\" \/>\n<meta property=\"og:url\" content=\"https:\/\/culture.ixelles.be\/fr\/van-den-bear-de-la-musique-made-in-ixelles\/\" \/>\n<meta property=\"og:site_name\" content=\"Ixelles\" \/>\n<meta property=\"article:published_time\" content=\"2021-10-12T14:40:06+00:00\" \/>\n<meta property=\"og:image\" content=\"https:\/\/culture.ixelles.be\/wp-content\/uploads\/2022\/10\/Sans-titre-11.png\" \/>\n\t<meta property=\"og:image:width\" content=\"1890\" \/>\n\t<meta property=\"og:image:height\" content=\"413\" \/>\n\t<meta property=\"og:image:type\" content=\"image\/png\" \/>\n<meta name=\"author\" content=\"Mathilde Oechsner\" \/>\n<meta name=\"twitter:card\" content=\"summary_large_image\" \/>\n<meta name=\"twitter:label1\" content=\"\u00c9crit par\" \/>\n\t<meta name=\"twitter:data1\" content=\"Mathilde Oechsner\" \/>\n\t<meta name=\"twitter:label2\" content=\"Dur\u00e9e de lecture estim\u00e9e\" \/>\n\t<meta name=\"twitter:data2\" content=\"2 minutes\" \/>\n<script type=\"application\/ld+json\" class=\"yoast-schema-graph\">{\"@context\":\"https:\/\/schema.org\",\"@graph\":[{\"@type\":\"Article\",\"@id\":\"https:\/\/culture.ixelles.be\/fr\/van-den-bear-de-la-musique-made-in-ixelles\/#article\",\"isPartOf\":{\"@id\":\"https:\/\/culture.ixelles.be\/fr\/van-den-bear-de-la-musique-made-in-ixelles\/\"},\"author\":{\"name\":\"Mathilde Oechsner\",\"@id\":\"https:\/\/culture.ixelles.be\/fr\/#\/schema\/person\/66ec5d810b97664356a06c0a892ab676\"},\"headline\":\"Van Den Bear : de la musique &lsquo;Made in Ixelles&rsquo;\",\"datePublished\":\"2021-10-12T14:40:06+00:00\",\"mainEntityOfPage\":{\"@id\":\"https:\/\/culture.ixelles.be\/fr\/van-den-bear-de-la-musique-made-in-ixelles\/\"},\"wordCount\":399,\"commentCount\":0,\"publisher\":{\"@id\":\"https:\/\/culture.ixelles.be\/fr\/#organization\"},\"image\":{\"@id\":\"https:\/\/culture.ixelles.be\/fr\/van-den-bear-de-la-musique-made-in-ixelles\/#primaryimage\"},\"thumbnailUrl\":\"https:\/\/culture.ixelles.be\/wp-content\/uploads\/2022\/10\/Sans-titre-11.png\",\"articleSection\":[\"Article mis en avant\",\"Portraits\"],\"inLanguage\":\"fr-FR\",\"potentialAction\":[{\"@type\":\"CommentAction\",\"name\":\"Comment\",\"target\":[\"https:\/\/culture.ixelles.be\/fr\/van-den-bear-de-la-musique-made-in-ixelles\/#respond\"]}]},{\"@type\":\"WebPage\",\"@id\":\"https:\/\/culture.ixelles.be\/fr\/van-den-bear-de-la-musique-made-in-ixelles\/\",\"url\":\"https:\/\/culture.ixelles.be\/fr\/van-den-bear-de-la-musique-made-in-ixelles\/\",\"name\":\"Van Den Bear : de la musique 'Made in Ixelles' - Ixelles\",\"isPartOf\":{\"@id\":\"https:\/\/culture.ixelles.be\/fr\/#website\"},\"primaryImageOfPage\":{\"@id\":\"https:\/\/culture.ixelles.be\/fr\/van-den-bear-de-la-musique-made-in-ixelles\/#primaryimage\"},\"image\":{\"@id\":\"https:\/\/culture.ixelles.be\/fr\/van-den-bear-de-la-musique-made-in-ixelles\/#primaryimage\"},\"thumbnailUrl\":\"https:\/\/culture.ixelles.be\/wp-content\/uploads\/2022\/10\/Sans-titre-11.png\",\"datePublished\":\"2021-10-12T14:40:06+00:00\",\"description\":\"Van den Bear est un jeune groupe de \u00ab dark pop alternative post rock \u00bb. Ils ont choisi Ixelles pour tourner les captations vid\u00e9o de ses meilleures chansons.\",\"breadcrumb\":{\"@id\":\"https:\/\/culture.ixelles.be\/fr\/van-den-bear-de-la-musique-made-in-ixelles\/#breadcrumb\"},\"inLanguage\":\"fr-FR\",\"potentialAction\":[{\"@type\":\"ReadAction\",\"target\":[\"https:\/\/culture.ixelles.be\/fr\/van-den-bear-de-la-musique-made-in-ixelles\/\"]}]},{\"@type\":\"ImageObject\",\"inLanguage\":\"fr-FR\",\"@id\":\"https:\/\/culture.ixelles.be\/fr\/van-den-bear-de-la-musique-made-in-ixelles\/#primaryimage\",\"url\":\"https:\/\/culture.ixelles.be\/wp-content\/uploads\/2022\/10\/Sans-titre-11.png\",\"contentUrl\":\"https:\/\/culture.ixelles.be\/wp-content\/uploads\/2022\/10\/Sans-titre-11.png\",\"width\":1890,\"height\":413,\"caption\":\"van den bear-banner\"},{\"@type\":\"BreadcrumbList\",\"@id\":\"https:\/\/culture.ixelles.be\/fr\/van-den-bear-de-la-musique-made-in-ixelles\/#breadcrumb\",\"itemListElement\":[{\"@type\":\"ListItem\",\"position\":1,\"name\":\"Accueil\",\"item\":\"https:\/\/culture.ixelles.be\/fr\/\"},{\"@type\":\"ListItem\",\"position\":2,\"name\":\"Van Den Bear : de la musique &lsquo;Made in Ixelles&rsquo;\"}]},{\"@type\":\"WebSite\",\"@id\":\"https:\/\/culture.ixelles.be\/fr\/#website\",\"url\":\"https:\/\/culture.ixelles.be\/fr\/\",\"name\":\"Ixelles\",\"description\":\"\",\"publisher\":{\"@id\":\"https:\/\/culture.ixelles.be\/fr\/#organization\"},\"potentialAction\":[{\"@type\":\"SearchAction\",\"target\":{\"@type\":\"EntryPoint\",\"urlTemplate\":\"https:\/\/culture.ixelles.be\/fr\/?s={search_term_string}\"},\"query-input\":{\"@type\":\"PropertyValueSpecification\",\"valueRequired\":true,\"valueName\":\"search_term_string\"}}],\"inLanguage\":\"fr-FR\"},{\"@type\":\"Organization\",\"@id\":\"https:\/\/culture.ixelles.be\/fr\/#organization\",\"name\":\"Service culture Ixelles\",\"url\":\"https:\/\/culture.ixelles.be\/fr\/\",\"logo\":{\"@type\":\"ImageObject\",\"inLanguage\":\"fr-FR\",\"@id\":\"https:\/\/culture.ixelles.be\/fr\/#\/schema\/logo\/image\/\",\"url\":\"https:\/\/culture.ixelles.be\/wp-content\/uploads\/2021\/05\/ixelles_green.svg\",\"contentUrl\":\"https:\/\/culture.ixelles.be\/wp-content\/uploads\/2021\/05\/ixelles_green.svg\",\"width\":1,\"height\":1,\"caption\":\"Service culture Ixelles\"},\"image\":{\"@id\":\"https:\/\/culture.ixelles.be\/fr\/#\/schema\/logo\/image\/\"}},{\"@type\":\"Person\",\"@id\":\"https:\/\/culture.ixelles.be\/fr\/#\/schema\/person\/66ec5d810b97664356a06c0a892ab676\",\"name\":\"Mathilde Oechsner\",\"url\":\"https:\/\/culture.ixelles.be\/fr\/author\/mathilde\/\"}]}<\/script>\n<!-- \/ Yoast SEO plugin. -->","yoast_head_json":{"title":"Van Den Bear : de la musique 'Made in Ixelles' - Ixelles","description":"Van den Bear est un jeune groupe de \u00ab dark pop alternative post rock \u00bb. Ils ont choisi Ixelles pour tourner les captations vid\u00e9o de ses meilleures chansons.","robots":{"index":"index","follow":"follow","max-snippet":"max-snippet:-1","max-image-preview":"max-image-preview:large","max-video-preview":"max-video-preview:-1"},"canonical":"https:\/\/culture.ixelles.be\/fr\/van-den-bear-de-la-musique-made-in-ixelles\/","og_locale":"fr_FR","og_type":"article","og_title":"Van Den Bear : de la musique 'Made in Ixelles' - Ixelles","og_description":"Van den Bear est un jeune groupe de \u00ab dark pop alternative post rock \u00bb. Ils ont choisi Ixelles pour tourner les captations vid\u00e9o de ses meilleures chansons.","og_url":"https:\/\/culture.ixelles.be\/fr\/van-den-bear-de-la-musique-made-in-ixelles\/","og_site_name":"Ixelles","article_published_time":"2021-10-12T14:40:06+00:00","og_image":[{"width":1890,"height":413,"url":"https:\/\/culture.ixelles.be\/wp-content\/uploads\/2022\/10\/Sans-titre-11.png","type":"image\/png"}],"author":"Mathilde Oechsner","twitter_card":"summary_large_image","twitter_misc":{"\u00c9crit par":"Mathilde Oechsner","Dur\u00e9e de lecture estim\u00e9e":"2 minutes"},"schema":{"@context":"https:\/\/schema.org","@graph":[{"@type":"Article","@id":"https:\/\/culture.ixelles.be\/fr\/van-den-bear-de-la-musique-made-in-ixelles\/#article","isPartOf":{"@id":"https:\/\/culture.ixelles.be\/fr\/van-den-bear-de-la-musique-made-in-ixelles\/"},"author":{"name":"Mathilde Oechsner","@id":"https:\/\/culture.ixelles.be\/fr\/#\/schema\/person\/66ec5d810b97664356a06c0a892ab676"},"headline":"Van Den Bear : de la musique &lsquo;Made in Ixelles&rsquo;","datePublished":"2021-10-12T14:40:06+00:00","mainEntityOfPage":{"@id":"https:\/\/culture.ixelles.be\/fr\/van-den-bear-de-la-musique-made-in-ixelles\/"},"wordCount":399,"commentCount":0,"publisher":{"@id":"https:\/\/culture.ixelles.be\/fr\/#organization"},"image":{"@id":"https:\/\/culture.ixelles.be\/fr\/van-den-bear-de-la-musique-made-in-ixelles\/#primaryimage"},"thumbnailUrl":"https:\/\/culture.ixelles.be\/wp-content\/uploads\/2022\/10\/Sans-titre-11.png","articleSection":["Article mis en avant","Portraits"],"inLanguage":"fr-FR","potentialAction":[{"@type":"CommentAction","name":"Comment","target":["https:\/\/culture.ixelles.be\/fr\/van-den-bear-de-la-musique-made-in-ixelles\/#respond"]}]},{"@type":"WebPage","@id":"https:\/\/culture.ixelles.be\/fr\/van-den-bear-de-la-musique-made-in-ixelles\/","url":"https:\/\/culture.ixelles.be\/fr\/van-den-bear-de-la-musique-made-in-ixelles\/","name":"Van Den Bear : de la musique 'Made in Ixelles' - Ixelles","isPartOf":{"@id":"https:\/\/culture.ixelles.be\/fr\/#website"},"primaryImageOfPage":{"@id":"https:\/\/culture.ixelles.be\/fr\/van-den-bear-de-la-musique-made-in-ixelles\/#primaryimage"},"image":{"@id":"https:\/\/culture.ixelles.be\/fr\/van-den-bear-de-la-musique-made-in-ixelles\/#primaryimage"},"thumbnailUrl":"https:\/\/culture.ixelles.be\/wp-content\/uploads\/2022\/10\/Sans-titre-11.png","datePublished":"2021-10-12T14:40:06+00:00","description":"Van den Bear est un jeune groupe de \u00ab dark pop alternative post rock \u00bb. Ils ont choisi Ixelles pour tourner les captations vid\u00e9o de ses meilleures chansons.","breadcrumb":{"@id":"https:\/\/culture.ixelles.be\/fr\/van-den-bear-de-la-musique-made-in-ixelles\/#breadcrumb"},"inLanguage":"fr-FR","potentialAction":[{"@type":"ReadAction","target":["https:\/\/culture.ixelles.be\/fr\/van-den-bear-de-la-musique-made-in-ixelles\/"]}]},{"@type":"ImageObject","inLanguage":"fr-FR","@id":"https:\/\/culture.ixelles.be\/fr\/van-den-bear-de-la-musique-made-in-ixelles\/#primaryimage","url":"https:\/\/culture.ixelles.be\/wp-content\/uploads\/2022\/10\/Sans-titre-11.png","contentUrl":"https:\/\/culture.ixelles.be\/wp-content\/uploads\/2022\/10\/Sans-titre-11.png","width":1890,"height":413,"caption":"van den bear-banner"},{"@type":"BreadcrumbList","@id":"https:\/\/culture.ixelles.be\/fr\/van-den-bear-de-la-musique-made-in-ixelles\/#breadcrumb","itemListElement":[{"@type":"ListItem","position":1,"name":"Accueil","item":"https:\/\/culture.ixelles.be\/fr\/"},{"@type":"ListItem","position":2,"name":"Van Den Bear : de la musique &lsquo;Made in Ixelles&rsquo;"}]},{"@type":"WebSite","@id":"https:\/\/culture.ixelles.be\/fr\/#website","url":"https:\/\/culture.ixelles.be\/fr\/","name":"Ixelles","description":"","publisher":{"@id":"https:\/\/culture.ixelles.be\/fr\/#organization"},"potentialAction":[{"@type":"SearchAction","target":{"@type":"EntryPoint","urlTemplate":"https:\/\/culture.ixelles.be\/fr\/?s={search_term_string}"},"query-input":{"@type":"PropertyValueSpecification","valueRequired":true,"valueName":"search_term_string"}}],"inLanguage":"fr-FR"},{"@type":"Organization","@id":"https:\/\/culture.ixelles.be\/fr\/#organization","name":"Service culture Ixelles","url":"https:\/\/culture.ixelles.be\/fr\/","logo":{"@type":"ImageObject","inLanguage":"fr-FR","@id":"https:\/\/culture.ixelles.be\/fr\/#\/schema\/logo\/image\/","url":"https:\/\/culture.ixelles.be\/wp-content\/uploads\/2021\/05\/ixelles_green.svg","contentUrl":"https:\/\/culture.ixelles.be\/wp-content\/uploads\/2021\/05\/ixelles_green.svg","width":1,"height":1,"caption":"Service culture Ixelles"},"image":{"@id":"https:\/\/culture.ixelles.be\/fr\/#\/schema\/logo\/image\/"}},{"@type":"Person","@id":"https:\/\/culture.ixelles.be\/fr\/#\/schema\/person\/66ec5d810b97664356a06c0a892ab676","name":"Mathilde Oechsner","url":"https:\/\/culture.ixelles.be\/fr\/author\/mathilde\/"}]}},"jetpack_featured_media_url":"https:\/\/culture.ixelles.be\/wp-content\/uploads\/2022\/10\/Sans-titre-11.png","_links":{"self":[{"href":"https:\/\/culture.ixelles.be\/fr\/wp-json\/wp\/v2\/posts\/1326038"}],"collection":[{"href":"https:\/\/culture.ixelles.be\/fr\/wp-json\/wp\/v2\/posts"}],"about":[{"href":"https:\/\/culture.ixelles.be\/fr\/wp-json\/wp\/v2\/types\/post"}],"author":[{"embeddable":true,"href":"https:\/\/culture.ixelles.be\/fr\/wp-json\/wp\/v2\/users\/4"}],"replies":[{"embeddable":true,"href":"https:\/\/culture.ixelles.be\/fr\/wp-json\/wp\/v2\/comments?post=1326038"}],"version-history":[{"count":0,"href":"https:\/\/culture.ixelles.be\/fr\/wp-json\/wp\/v2\/posts\/1326038\/revisions"}],"wp:featuredmedia":[{"embeddable":true,"href":"https:\/\/culture.ixelles.be\/fr\/wp-json\/wp\/v2\/media\/1326051"}],"wp:attachment":[{"href":"https:\/\/culture.ixelles.be\/fr\/wp-json\/wp\/v2\/media?parent=1326038"}],"wp:term":[{"taxonomy":"category","embeddable":true,"href":"https:\/\/culture.ixelles.be\/fr\/wp-json\/wp\/v2\/categories?post=1326038"},{"taxonomy":"post_tag","embeddable":true,"href":"https:\/\/culture.ixelles.be\/fr\/wp-json\/wp\/v2\/tags?post=1326038"}],"curies":[{"name":"wp","href":"https:\/\/api.w.org\/{rel}","templated":true}]}}