{"id":1326568,"date":"2022-04-05T13:00:22","date_gmt":"2022-04-05T13:00:22","guid":{"rendered":"https:\/\/culture.ixelles.be\/faq-exposer-a-la-chapelle-de-boondael\/"},"modified":"2022-04-05T13:00:22","modified_gmt":"2022-04-05T13:00:22","slug":"faq-exposer-a-la-chapelle-de-boondael","status":"publish","type":"post","link":"https:\/\/culture.ixelles.be\/fr\/faq-exposer-a-la-chapelle-de-boondael\/","title":{"rendered":"FAQ : expositions &#8211; chapelle de Boondael"},"content":{"rendered":"<div class=\"wpb-content-wrapper\"><div style=\"margin-top: 0px; margin-bottom: 0px;\" class=\"sharethis-inline-share-buttons\" ><\/div><p>[vc_row][vc_column][vc_toggle title=\u00a0\u00bbJe veux organiser une exposition \u00e0 la Chapelle de Boondael : Comment faire ?\u00a0\u00bb style=\u00a0\u00bbround_outline\u00a0\u00bb custom_font_container=\u00a0\u00bbtag:h2|font_size:20|text_align:left\u00a0\u00bb use_custom_heading=\u00a0\u00bbtrue\u00a0\u00bb]Chaque ann\u00e9e au printemps, un appel \u00e0 projets est lanc\u00e9 pour s\u00e9lectionner les expositions qui auront lieu \u00e0 la Chapelle de Boondael pour la prochaine saison culturelle.<\/p>\n<p>&nbsp;<\/p>\n<p>Les projets sont s\u00e9lectionn\u00e9s sur base d\u2019un dossier et sont revus par un jury constitu\u00e9 de professionnel\u00b7le\u00b7s du monde de l\u2019art, de membres de l\u2019administration communale ainsi que de repr\u00e9sentant\u00b7e\u00b7s citoyen\u00b7ne\u00b7s.<\/p>\n<p>&nbsp;<\/p>\n<p>L\u2019appel \u00e0 candidatures est publi\u00e9 sur le site web culture.ixelles.be et est relay\u00e9 dans la newsletter ainsi que sur les r\u00e9seaux sociaux. Pour recevoir la newsletter KULT XL, inscrivez-vous <a href=\"https:\/\/culture.ixelles.be\/fr\/contact\/\" target=\"_blank\" rel=\"noopener\"><strong><u>ici<\/u><\/strong><\/a>.[\/vc_toggle][vc_toggle title=\u00a0\u00bbQuand sera le prochain appel \u00e0 projets ?\u00a0\u00bb style=\u00a0\u00bbround_outline\u00a0\u00bb custom_font_container=\u00a0\u00bbtag:h2|font_size:20|text_align:left\u00a0\u00bb use_custom_heading=\u00a0\u00bbtrue\u00a0\u00bb]Le prochain appel \u00e0 projets aura lieu <strong>d\u00e9but 2023<\/strong>. Suite \u00e0 cet appel, plusieurs projets d\u2019exposition seront accueillies pour la saison culturelle 2023-2024 \u00e0 la Chapelle de Boondael (de septembre \u00e0 juin).<\/p>\n<p>&nbsp;<\/p>\n<p>L\u2019appel \u00e0 projets est publi\u00e9 sur le site web culture.ixelles.be et est relay\u00e9 dans la newsletter ainsi que sur les r\u00e9seaux sociaux. Pour recevoir la newsletter KULT XL, inscrivez-vous <a href=\"https:\/\/culture.ixelles.be\/fr\/soutien\/\" target=\"_blank\" rel=\"noopener\"><strong><u>ici<\/u><\/strong><\/a>.<\/p>\n<p>&nbsp;<\/p>\n<p>Toutes les informations concernant l\u2019appel \u00e0 projets peuvent \u00eatre consult\u00e9es <a href=\"https:\/\/culture.ixelles.be\/fr\/appel-a-projets-expositions-a-la-chapelle-de-boondael\/\" target=\"_blank\" rel=\"noopener\"><strong><u>ici<\/u><\/strong> <\/a>sur ce site internet.[\/vc_toggle][vc_toggle title=\u00a0\u00bbCombien d\u2019expositions auront lieu durant la prochaine saison culturelle ?\u00a0\u00bb style=\u00a0\u00bbround_outline\u00a0\u00bb custom_font_container=\u00a0\u00bbtag:h2|font_size:20|text_align:left\u00a0\u00bb use_custom_heading=\u00a0\u00bbtrue\u00a0\u00bb]Le nombre d\u2019expositions pour chaque saison culturelle est fix\u00e9 par le Coll\u00e8ge du Bourgmestre et des Echevin\u00b7e\u00b7s, en fonction des disponibilit\u00e9s de la Chapelle de Boondael.<\/p>\n<p>&nbsp;<\/p>\n<p>Pour la saison 2022-2023, 4 expositions seront accueillies \u00e0 la Chapelle de Boondael suite \u00e0 l\u2019appel \u00e0 projets.[\/vc_toggle][vc_toggle title=\u00a0\u00bbEst-ce que je peux rentrer plusieurs dossiers par appel ?\u00a0\u00bb style=\u00a0\u00bbround_outline\u00a0\u00bb custom_font_container=\u00a0\u00bbtag:h2|font_size:20|text_align:left\u00a0\u00bb use_custom_heading=\u00a0\u00bbtrue\u00a0\u00bb]Non, chaque candidat\u00b7e n&rsquo;a le droit de remettre seulement qu&rsquo;un dossier par appel.[\/vc_toggle][vc_toggle title=\u00a0\u00bbJ\u2019ai \u00e9t\u00e9 s\u00e9lectionn\u00e9 pour exposer \u00e0 la Chapelle. Puis-je me repr\u00e9senter dans le futur pour une autre exposition ?\u00a0\u00bb style=\u00a0\u00bbround_outline\u00a0\u00bb custom_font_container=\u00a0\u00bbtag:h2|font_size:20|text_align:left\u00a0\u00bb use_custom_heading=\u00a0\u00bbtrue\u00a0\u00bb]Si vous avez \u00e9t\u00e9 s\u00e9lectionn\u00e9\u00b7e pour exposer \u00e0 la Chapelle cette ann\u00e9e (saison 2022-2023), vous ne pourrez pas vous repr\u00e9senter \u00e0 l\u2019appel \u00e0 candidature de l\u2019ann\u00e9e suivante (saison 2023-2024). Vous devrez donc attendre une saison culturelle avant de pouvoir pr\u00e9senter un nouveau projet (saison 2024-2025).[\/vc_toggle][vc_toggle title=\u00a0\u00bbO\u00f9 puis-je consulter le plan de politique culturelle \u00ab Co \u00bb 2020-2025 et la Note de politique g\u00e9n\u00e9rale de la Commune d\u2019Ixelles ?\u00a0\u00bb style=\u00a0\u00bbround_outline\u00a0\u00bb custom_font_container=\u00a0\u00bbtag:h2|font_size:20|text_align:left\u00a0\u00bb use_custom_heading=\u00a0\u00bbtrue\u00a0\u00bb]Les deux documents sont disponibles sur ce site internet\u00a0:<\/p>\n<p>Cliquez <a href=\"https:\/\/culture.ixelles.be\/wp-content\/uploads\/2022\/04\/Plan-Local-de-Politique-Culturelle-Ixelles-2020-2025-Annexes-FR-1.pdf\" target=\"_blank\" rel=\"noopener\"><strong><u>ici<\/u><\/strong> <\/a>pour consulter le plan de politique culturelle \u00ab\u00a0Co\u00a0\u00bb 2020-2025<\/p>\n<p>Cliquez <a href=\"https:\/\/culture.ixelles.be\/wp-content\/uploads\/2022\/04\/declaration-politique-generale-1.pdf\" target=\"_blank\" rel=\"noopener\"><strong><u>ici<\/u><\/strong> <\/a>pour consulter la note de politique g\u00e9n\u00e9rale de la Commune d\u2019Ixelles<\/p>\n<p>&nbsp;<\/p>\n<p>Au besoin, vous pouvez \u00e9galement demander \u00e0 recevoir une copie par voie postale, en envoyant un email \u00e0 <a href=\"mailto:culture@ixelles.brussels\">culture@ixelles.brussels<\/a> ou par t\u00e9l\u00e9phone au 02 515 64 63[\/vc_toggle][vc_toggle title=\u00a0\u00bbPuis-je envoyer ma candidature en anglais ?\u00a0\u00bb style=\u00a0\u00bbround_outline\u00a0\u00bb custom_font_container=\u00a0\u00bbtag:h2|font_size:20|text_align:left\u00a0\u00bb use_custom_heading=\u00a0\u00bbtrue\u00a0\u00bb]Non. Vous devez remplir le formulaire en fran\u00e7ais ou n\u00e9erlandais pour que votre candidature soit valable.[\/vc_toggle][vc_toggle title=\u00a0\u00bbComment sont g\u00e9r\u00e9es mes donn\u00e9es personnelles ?\u00a0\u00bb style=\u00a0\u00bbround_outline\u00a0\u00bb custom_font_container=\u00a0\u00bbtag:h2|font_size:20|text_align:left\u00a0\u00bb use_custom_heading=\u00a0\u00bbtrue\u00a0\u00bb]Vos donn\u00e9es sont r\u00e9colt\u00e9es dans le but de v\u00e9rifier la recevabilit\u00e9 administrative de votre candidature, comme mentionn\u00e9 dans la politique de confidentialit\u00e9 de l\u2019appel \u00e0 candidatures, mais elles permettent \u00e9galement, en cas de s\u00e9lection, de pouvoir attribuer la subvention. Ces donn\u00e9es sont r\u00e9serv\u00e9es \u00e0 un usage interne de l\u2019administration, et ne seront pas partag\u00e9es avec le jury de s\u00e9lection (hormis le nom\/pr\u00e9nom du\/de la candidat\u00b7e). Vos donn\u00e9es seront conserv\u00e9es un an apr\u00e8s la s\u00e9lection des laur\u00e9at\u00b7e\u00b7s.[\/vc_toggle][vc_toggle title=\u00a0\u00bbJe ne trouve pas de r\u00e9ponse \u00e0 ma question : o\u00f9 puis-je m\u2019adresser ?\u00a0\u00bb style=\u00a0\u00bbround_outline\u00a0\u00bb custom_font_container=\u00a0\u00bbtag:h2|font_size:20|text_align:left\u00a0\u00bb use_custom_heading=\u00a0\u00bbtrue\u00a0\u00bb]Vous n\u2019avez pas trouv\u00e9 r\u00e9ponse \u00e0 votre question\u00a0? Merci de vous adresser au service Culture par e-mail \u00e0 <a href=\"mailto:culture@ixelles.be\">culture@ixelles.be<\/a> ou par t\u00e9l\u00e9phone au 02 515 64 63[\/vc_toggle][\/vc_column][\/vc_row]<\/p>\n<\/div>","protected":false},"excerpt":{"rendered":"<p>[vc_row][vc_column][vc_toggle title=\u00a0\u00bbJe veux organiser une exposition \u00e0 la Chapelle de Boondael : Comment faire ?\u00a0\u00bb style=\u00a0\u00bbround_outline\u00a0\u00bb custom_font_container=\u00a0\u00bbtag:h2|font_size:20|text_align:left\u00a0\u00bb use_custom_heading=\u00a0\u00bbtrue\u00a0\u00bb]Chaque ann\u00e9e au printemps, un appel \u00e0 projets est lanc\u00e9 pour s\u00e9lectionner les expositions qui auront lieu \u00e0 la Chapelle de Boondael pour la prochaine saison culturelle. &nbsp; Les projets sont s\u00e9lectionn\u00e9s sur base d\u2019un dossier et sont [&hellip;]<\/p>\n","protected":false},"author":4,"featured_media":1326581,"comment_status":"open","ping_status":"open","sticky":false,"template":"","format":"standard","meta":{"_acf_changed":false,"_monsterinsights_skip_tracking":false,"_monsterinsights_sitenote_active":false,"_monsterinsights_sitenote_note":"","_monsterinsights_sitenote_category":0,"footnotes":""},"categories":[1],"tags":[],"acf":[],"yoast_head":"<!-- This site is optimized with the Yoast SEO plugin v24.5 - https:\/\/yoast.com\/wordpress\/plugins\/seo\/ -->\n<title>FAQ : expositions - chapelle de Boondael - Ixelles<\/title>\n<meta name=\"description\" content=\"Vous trouverez ici les questions fr\u00e9quemment pos\u00e9es pour exposer \u00e0 la chapelle de Boondael.\" \/>\n<meta name=\"robots\" content=\"index, follow, max-snippet:-1, max-image-preview:large, max-video-preview:-1\" \/>\n<link rel=\"canonical\" href=\"https:\/\/culture.ixelles.be\/fr\/faq-exposer-a-la-chapelle-de-boondael\/\" \/>\n<meta property=\"og:locale\" content=\"fr_FR\" \/>\n<meta property=\"og:type\" content=\"article\" \/>\n<meta property=\"og:title\" content=\"FAQ : expositions - chapelle de Boondael - Ixelles\" \/>\n<meta property=\"og:description\" content=\"Vous trouverez ici les questions fr\u00e9quemment pos\u00e9es pour exposer \u00e0 la chapelle de Boondael.\" \/>\n<meta property=\"og:url\" content=\"https:\/\/culture.ixelles.be\/fr\/faq-exposer-a-la-chapelle-de-boondael\/\" \/>\n<meta property=\"og:site_name\" content=\"Ixelles\" \/>\n<meta property=\"article:published_time\" content=\"2022-04-05T13:00:22+00:00\" \/>\n<meta property=\"og:image\" content=\"https:\/\/culture.ixelles.be\/wp-content\/uploads\/2022\/10\/website-articles-banner-3-6.png\" \/>\n\t<meta property=\"og:image:width\" content=\"1890\" \/>\n\t<meta property=\"og:image:height\" content=\"413\" \/>\n\t<meta property=\"og:image:type\" content=\"image\/png\" \/>\n<meta name=\"author\" content=\"Mathilde Oechsner\" \/>\n<meta name=\"twitter:card\" content=\"summary_large_image\" \/>\n<meta name=\"twitter:label1\" content=\"\u00c9crit par\" \/>\n\t<meta name=\"twitter:data1\" content=\"Mathilde Oechsner\" \/>\n\t<meta name=\"twitter:label2\" content=\"Dur\u00e9e de lecture estim\u00e9e\" \/>\n\t<meta name=\"twitter:data2\" content=\"3 minutes\" \/>\n<script type=\"application\/ld+json\" class=\"yoast-schema-graph\">{\"@context\":\"https:\/\/schema.org\",\"@graph\":[{\"@type\":\"Article\",\"@id\":\"https:\/\/culture.ixelles.be\/fr\/faq-exposer-a-la-chapelle-de-boondael\/#article\",\"isPartOf\":{\"@id\":\"https:\/\/culture.ixelles.be\/fr\/faq-exposer-a-la-chapelle-de-boondael\/\"},\"author\":{\"name\":\"Mathilde Oechsner\",\"@id\":\"https:\/\/culture.ixelles.be\/fr\/#\/schema\/person\/66ec5d810b97664356a06c0a892ab676\"},\"headline\":\"FAQ : expositions &#8211; chapelle de Boondael\",\"datePublished\":\"2022-04-05T13:00:22+00:00\",\"mainEntityOfPage\":{\"@id\":\"https:\/\/culture.ixelles.be\/fr\/faq-exposer-a-la-chapelle-de-boondael\/\"},\"wordCount\":819,\"commentCount\":0,\"publisher\":{\"@id\":\"https:\/\/culture.ixelles.be\/fr\/#organization\"},\"image\":{\"@id\":\"https:\/\/culture.ixelles.be\/fr\/faq-exposer-a-la-chapelle-de-boondael\/#primaryimage\"},\"thumbnailUrl\":\"https:\/\/culture.ixelles.be\/wp-content\/uploads\/2022\/10\/website-articles-banner-3-6.png\",\"articleSection\":[\"Non classifi\u00e9(e)\"],\"inLanguage\":\"fr-FR\",\"potentialAction\":[{\"@type\":\"CommentAction\",\"name\":\"Comment\",\"target\":[\"https:\/\/culture.ixelles.be\/fr\/faq-exposer-a-la-chapelle-de-boondael\/#respond\"]}]},{\"@type\":\"WebPage\",\"@id\":\"https:\/\/culture.ixelles.be\/fr\/faq-exposer-a-la-chapelle-de-boondael\/\",\"url\":\"https:\/\/culture.ixelles.be\/fr\/faq-exposer-a-la-chapelle-de-boondael\/\",\"name\":\"FAQ : expositions - chapelle de Boondael - Ixelles\",\"isPartOf\":{\"@id\":\"https:\/\/culture.ixelles.be\/fr\/#website\"},\"primaryImageOfPage\":{\"@id\":\"https:\/\/culture.ixelles.be\/fr\/faq-exposer-a-la-chapelle-de-boondael\/#primaryimage\"},\"image\":{\"@id\":\"https:\/\/culture.ixelles.be\/fr\/faq-exposer-a-la-chapelle-de-boondael\/#primaryimage\"},\"thumbnailUrl\":\"https:\/\/culture.ixelles.be\/wp-content\/uploads\/2022\/10\/website-articles-banner-3-6.png\",\"datePublished\":\"2022-04-05T13:00:22+00:00\",\"description\":\"Vous trouverez ici les questions fr\u00e9quemment pos\u00e9es pour exposer \u00e0 la chapelle de Boondael.\",\"breadcrumb\":{\"@id\":\"https:\/\/culture.ixelles.be\/fr\/faq-exposer-a-la-chapelle-de-boondael\/#breadcrumb\"},\"inLanguage\":\"fr-FR\",\"potentialAction\":[{\"@type\":\"ReadAction\",\"target\":[\"https:\/\/culture.ixelles.be\/fr\/faq-exposer-a-la-chapelle-de-boondael\/\"]}]},{\"@type\":\"ImageObject\",\"inLanguage\":\"fr-FR\",\"@id\":\"https:\/\/culture.ixelles.be\/fr\/faq-exposer-a-la-chapelle-de-boondael\/#primaryimage\",\"url\":\"https:\/\/culture.ixelles.be\/wp-content\/uploads\/2022\/10\/website-articles-banner-3-6.png\",\"contentUrl\":\"https:\/\/culture.ixelles.be\/wp-content\/uploads\/2022\/10\/website-articles-banner-3-6.png\",\"width\":1890,\"height\":413},{\"@type\":\"BreadcrumbList\",\"@id\":\"https:\/\/culture.ixelles.be\/fr\/faq-exposer-a-la-chapelle-de-boondael\/#breadcrumb\",\"itemListElement\":[{\"@type\":\"ListItem\",\"position\":1,\"name\":\"Accueil\",\"item\":\"https:\/\/culture.ixelles.be\/fr\/\"},{\"@type\":\"ListItem\",\"position\":2,\"name\":\"FAQ : expositions &#8211; chapelle de Boondael\"}]},{\"@type\":\"WebSite\",\"@id\":\"https:\/\/culture.ixelles.be\/fr\/#website\",\"url\":\"https:\/\/culture.ixelles.be\/fr\/\",\"name\":\"Ixelles\",\"description\":\"\",\"publisher\":{\"@id\":\"https:\/\/culture.ixelles.be\/fr\/#organization\"},\"potentialAction\":[{\"@type\":\"SearchAction\",\"target\":{\"@type\":\"EntryPoint\",\"urlTemplate\":\"https:\/\/culture.ixelles.be\/fr\/?s={search_term_string}\"},\"query-input\":{\"@type\":\"PropertyValueSpecification\",\"valueRequired\":true,\"valueName\":\"search_term_string\"}}],\"inLanguage\":\"fr-FR\"},{\"@type\":\"Organization\",\"@id\":\"https:\/\/culture.ixelles.be\/fr\/#organization\",\"name\":\"Service culture Ixelles\",\"url\":\"https:\/\/culture.ixelles.be\/fr\/\",\"logo\":{\"@type\":\"ImageObject\",\"inLanguage\":\"fr-FR\",\"@id\":\"https:\/\/culture.ixelles.be\/fr\/#\/schema\/logo\/image\/\",\"url\":\"https:\/\/culture.ixelles.be\/wp-content\/uploads\/2021\/05\/ixelles_green.svg\",\"contentUrl\":\"https:\/\/culture.ixelles.be\/wp-content\/uploads\/2021\/05\/ixelles_green.svg\",\"width\":1,\"height\":1,\"caption\":\"Service culture Ixelles\"},\"image\":{\"@id\":\"https:\/\/culture.ixelles.be\/fr\/#\/schema\/logo\/image\/\"}},{\"@type\":\"Person\",\"@id\":\"https:\/\/culture.ixelles.be\/fr\/#\/schema\/person\/66ec5d810b97664356a06c0a892ab676\",\"name\":\"Mathilde Oechsner\",\"url\":\"https:\/\/culture.ixelles.be\/fr\/author\/mathilde\/\"}]}<\/script>\n<!-- \/ Yoast SEO plugin. -->","yoast_head_json":{"title":"FAQ : expositions - chapelle de Boondael - Ixelles","description":"Vous trouverez ici les questions fr\u00e9quemment pos\u00e9es pour exposer \u00e0 la chapelle de Boondael.","robots":{"index":"index","follow":"follow","max-snippet":"max-snippet:-1","max-image-preview":"max-image-preview:large","max-video-preview":"max-video-preview:-1"},"canonical":"https:\/\/culture.ixelles.be\/fr\/faq-exposer-a-la-chapelle-de-boondael\/","og_locale":"fr_FR","og_type":"article","og_title":"FAQ : expositions - chapelle de Boondael - Ixelles","og_description":"Vous trouverez ici les questions fr\u00e9quemment pos\u00e9es pour exposer \u00e0 la chapelle de Boondael.","og_url":"https:\/\/culture.ixelles.be\/fr\/faq-exposer-a-la-chapelle-de-boondael\/","og_site_name":"Ixelles","article_published_time":"2022-04-05T13:00:22+00:00","og_image":[{"width":1890,"height":413,"url":"https:\/\/culture.ixelles.be\/wp-content\/uploads\/2022\/10\/website-articles-banner-3-6.png","type":"image\/png"}],"author":"Mathilde Oechsner","twitter_card":"summary_large_image","twitter_misc":{"\u00c9crit par":"Mathilde Oechsner","Dur\u00e9e de lecture estim\u00e9e":"3 minutes"},"schema":{"@context":"https:\/\/schema.org","@graph":[{"@type":"Article","@id":"https:\/\/culture.ixelles.be\/fr\/faq-exposer-a-la-chapelle-de-boondael\/#article","isPartOf":{"@id":"https:\/\/culture.ixelles.be\/fr\/faq-exposer-a-la-chapelle-de-boondael\/"},"author":{"name":"Mathilde Oechsner","@id":"https:\/\/culture.ixelles.be\/fr\/#\/schema\/person\/66ec5d810b97664356a06c0a892ab676"},"headline":"FAQ : expositions &#8211; chapelle de Boondael","datePublished":"2022-04-05T13:00:22+00:00","mainEntityOfPage":{"@id":"https:\/\/culture.ixelles.be\/fr\/faq-exposer-a-la-chapelle-de-boondael\/"},"wordCount":819,"commentCount":0,"publisher":{"@id":"https:\/\/culture.ixelles.be\/fr\/#organization"},"image":{"@id":"https:\/\/culture.ixelles.be\/fr\/faq-exposer-a-la-chapelle-de-boondael\/#primaryimage"},"thumbnailUrl":"https:\/\/culture.ixelles.be\/wp-content\/uploads\/2022\/10\/website-articles-banner-3-6.png","articleSection":["Non classifi\u00e9(e)"],"inLanguage":"fr-FR","potentialAction":[{"@type":"CommentAction","name":"Comment","target":["https:\/\/culture.ixelles.be\/fr\/faq-exposer-a-la-chapelle-de-boondael\/#respond"]}]},{"@type":"WebPage","@id":"https:\/\/culture.ixelles.be\/fr\/faq-exposer-a-la-chapelle-de-boondael\/","url":"https:\/\/culture.ixelles.be\/fr\/faq-exposer-a-la-chapelle-de-boondael\/","name":"FAQ : expositions - chapelle de Boondael - Ixelles","isPartOf":{"@id":"https:\/\/culture.ixelles.be\/fr\/#website"},"primaryImageOfPage":{"@id":"https:\/\/culture.ixelles.be\/fr\/faq-exposer-a-la-chapelle-de-boondael\/#primaryimage"},"image":{"@id":"https:\/\/culture.ixelles.be\/fr\/faq-exposer-a-la-chapelle-de-boondael\/#primaryimage"},"thumbnailUrl":"https:\/\/culture.ixelles.be\/wp-content\/uploads\/2022\/10\/website-articles-banner-3-6.png","datePublished":"2022-04-05T13:00:22+00:00","description":"Vous trouverez ici les questions fr\u00e9quemment pos\u00e9es pour exposer \u00e0 la chapelle de Boondael.","breadcrumb":{"@id":"https:\/\/culture.ixelles.be\/fr\/faq-exposer-a-la-chapelle-de-boondael\/#breadcrumb"},"inLanguage":"fr-FR","potentialAction":[{"@type":"ReadAction","target":["https:\/\/culture.ixelles.be\/fr\/faq-exposer-a-la-chapelle-de-boondael\/"]}]},{"@type":"ImageObject","inLanguage":"fr-FR","@id":"https:\/\/culture.ixelles.be\/fr\/faq-exposer-a-la-chapelle-de-boondael\/#primaryimage","url":"https:\/\/culture.ixelles.be\/wp-content\/uploads\/2022\/10\/website-articles-banner-3-6.png","contentUrl":"https:\/\/culture.ixelles.be\/wp-content\/uploads\/2022\/10\/website-articles-banner-3-6.png","width":1890,"height":413},{"@type":"BreadcrumbList","@id":"https:\/\/culture.ixelles.be\/fr\/faq-exposer-a-la-chapelle-de-boondael\/#breadcrumb","itemListElement":[{"@type":"ListItem","position":1,"name":"Accueil","item":"https:\/\/culture.ixelles.be\/fr\/"},{"@type":"ListItem","position":2,"name":"FAQ : expositions &#8211; chapelle de Boondael"}]},{"@type":"WebSite","@id":"https:\/\/culture.ixelles.be\/fr\/#website","url":"https:\/\/culture.ixelles.be\/fr\/","name":"Ixelles","description":"","publisher":{"@id":"https:\/\/culture.ixelles.be\/fr\/#organization"},"potentialAction":[{"@type":"SearchAction","target":{"@type":"EntryPoint","urlTemplate":"https:\/\/culture.ixelles.be\/fr\/?s={search_term_string}"},"query-input":{"@type":"PropertyValueSpecification","valueRequired":true,"valueName":"search_term_string"}}],"inLanguage":"fr-FR"},{"@type":"Organization","@id":"https:\/\/culture.ixelles.be\/fr\/#organization","name":"Service culture Ixelles","url":"https:\/\/culture.ixelles.be\/fr\/","logo":{"@type":"ImageObject","inLanguage":"fr-FR","@id":"https:\/\/culture.ixelles.be\/fr\/#\/schema\/logo\/image\/","url":"https:\/\/culture.ixelles.be\/wp-content\/uploads\/2021\/05\/ixelles_green.svg","contentUrl":"https:\/\/culture.ixelles.be\/wp-content\/uploads\/2021\/05\/ixelles_green.svg","width":1,"height":1,"caption":"Service culture Ixelles"},"image":{"@id":"https:\/\/culture.ixelles.be\/fr\/#\/schema\/logo\/image\/"}},{"@type":"Person","@id":"https:\/\/culture.ixelles.be\/fr\/#\/schema\/person\/66ec5d810b97664356a06c0a892ab676","name":"Mathilde Oechsner","url":"https:\/\/culture.ixelles.be\/fr\/author\/mathilde\/"}]}},"jetpack_featured_media_url":"https:\/\/culture.ixelles.be\/wp-content\/uploads\/2022\/10\/website-articles-banner-3-6.png","_links":{"self":[{"href":"https:\/\/culture.ixelles.be\/fr\/wp-json\/wp\/v2\/posts\/1326568"}],"collection":[{"href":"https:\/\/culture.ixelles.be\/fr\/wp-json\/wp\/v2\/posts"}],"about":[{"href":"https:\/\/culture.ixelles.be\/fr\/wp-json\/wp\/v2\/types\/post"}],"author":[{"embeddable":true,"href":"https:\/\/culture.ixelles.be\/fr\/wp-json\/wp\/v2\/users\/4"}],"replies":[{"embeddable":true,"href":"https:\/\/culture.ixelles.be\/fr\/wp-json\/wp\/v2\/comments?post=1326568"}],"version-history":[{"count":1,"href":"https:\/\/culture.ixelles.be\/fr\/wp-json\/wp\/v2\/posts\/1326568\/revisions"}],"predecessor-version":[{"id":1402185,"href":"https:\/\/culture.ixelles.be\/fr\/wp-json\/wp\/v2\/posts\/1326568\/revisions\/1402185"}],"wp:featuredmedia":[{"embeddable":true,"href":"https:\/\/culture.ixelles.be\/fr\/wp-json\/wp\/v2\/media\/1326581"}],"wp:attachment":[{"href":"https:\/\/culture.ixelles.be\/fr\/wp-json\/wp\/v2\/media?parent=1326568"}],"wp:term":[{"taxonomy":"category","embeddable":true,"href":"https:\/\/culture.ixelles.be\/fr\/wp-json\/wp\/v2\/categories?post=1326568"},{"taxonomy":"post_tag","embeddable":true,"href":"https:\/\/culture.ixelles.be\/fr\/wp-json\/wp\/v2\/tags?post=1326568"}],"curies":[{"name":"wp","href":"https:\/\/api.w.org\/{rel}","templated":true}]}}