{"id":1423018,"date":"2023-05-03T15:31:26","date_gmt":"2023-05-03T15:31:26","guid":{"rendered":"https:\/\/culture.ixelles.be\/?p=1423018"},"modified":"2023-05-03T16:34:44","modified_gmt":"2023-05-03T16:34:44","slug":"la-ceramique-une-renaissance-remarquable","status":"publish","type":"post","link":"https:\/\/culture.ixelles.be\/fr\/la-ceramique-une-renaissance-remarquable\/","title":{"rendered":"La c\u00e9ramique\u00a0: une renaissance remarquable"},"content":{"rendered":"<div class=\"wpb-content-wrapper\"><div style=\"margin-top: 0px; margin-bottom: 0px;\" class=\"sharethis-inline-share-buttons\" ><\/div><p>[vc_row][vc_column][vc_column_text]<strong>Bien plus qu\u2019un effet de mode, la c\u00e9ramique sort de l\u2019ombre pour atteindre des sommets de popularit\u00e9 \u00e9patants. Cette technique ancestrale et intemporelle ne cesse de s\u00e9duire le public, les artistes et collectionneurs. Tant les novices que les confirm\u00e9s r\u00e9pondent \u00e0 l\u2019appel de la terre et mettent la main \u00e0 la p\u00e2te pour s\u2019exprimer ou \u00e9toffent encore leur collections avec des pi\u00e8ces uniques. A Bruxelles, une palette d\u2019initiatives c\u00e9l\u00e8bre la c\u00e9ramique quotidiennement\u00a0: d\u00e9couvrons-la ensemble\u00a0!<\/strong>[\/vc_column_text][vc_column_text]Au-del\u00e0 des cursus acad\u00e9miques de l\u2019ENSAV La Cambre ou des acad\u00e9mies des beaux-arts locales, la c\u00e9ramique est rendue accessible au tout public gr\u00e2ce \u00e0 l\u2019apparition de nombreux studios qui proposent des stages de cr\u00e9ation pour petits et grands, comme l\u2019Atelier des Tropiques \u00e0 Bruxelles, Terracotta Atelier \u00e0 Saint-Gilles ou encore, \u00e0 deux pas de la Chapelle de Boondael, le Ceramic Studio de Watermael-Boitsfort. Apprendre \u00e0 tourner un objet d\u2019une main de maitre ou cr\u00e9er une pi\u00e8ce insolite du bout des doigts est \u00e0 la port\u00e9e de toutes et tous.<\/p>\n<p>&nbsp;<\/p>\n<p>Le monde de l\u2019art contemporain n\u2019est pas insensible aux charmes de la c\u00e9ramique. La galerie ixelloise, Puls, une r\u00e9f\u00e9rence de taille en la mati\u00e8re depuis 2000, repr\u00e9sente avec brio les talents contemporains de la c\u00e9ramique artistique. Du 25 au 28 janvier 2024, Bruxelles accueillera, \u00e0 Tour &amp; Taxis, son premier salon d\u00e9di\u00e9 \u00e0 la c\u00e9ramique, <em>ceramic brussels<\/em>, qui souhaite combler le manque de visibilit\u00e9 que la c\u00e9ramique connait sur le march\u00e9 de l\u2019art.<\/p>\n<p>&nbsp;<\/p>\n<p>A Ixelles, l\u2019atelier de c\u00e9ramique de l\u2019Ecole des Arts connait un taux de popularit\u00e9 de plus en plus \u00e9lev\u00e9. L\u2019engouement pour la c\u00e9ramique est \u00e9galement repr\u00e9sent\u00e9 au sein du r\u00e9seau d\u2019ateliers d\u2019artistes communaux KULT XL Ateliers avec les artistes B\u00e9atrice Guilleman et Camille Truyffaut et, bient\u00f4t, une exposition d\u00e9di\u00e9e aux artistes c\u00e9ramistes sera accueillie \u00e0 la Chapelle de Boondael, sous le commissariat des artistes Lieza Dessein et Louise Devin.<\/p>\n<p>&nbsp;<\/p>\n<p>Du 11 au 14 mai 2023, leur exposition <a href=\"https:\/\/culture.ixelles.be\/fr\/events\/mattergy-ceramics-in-the-chapel\/\"><strong><em>MATTERGY<\/em><\/strong><\/a> mettra \u00e0 l\u2019honneur huit artistes femmes qui exposent des \u0153uvres de c\u00e9ramique in\u00e9dites, inspir\u00e9es du lieu sacr\u00e9: la Chapelle de Boondael. Un march\u00e9 de c\u00e9ramique pr\u00e9sente \u00e9galement des pi\u00e8ces usuelles et sculpturales. Si vous souhaitez d\u00e9couvrir la c\u00e9ramique, n\u2019h\u00e9sitez pas \u00e0 franchir le pas et inscrivez-vous au workshop d\u2019initiation gratuit ![\/vc_column_text][\/vc_column][\/vc_row][vc_row][vc_column width=\u00a0\u00bb2\/3&Prime;][vc_column_text]<\/p>\n<p>&nbsp;<\/p>\n<p>[\/vc_column_text][\/vc_column][vc_column width=\u00a0\u00bb1\/3&Prime;][\/vc_column][vc_column][\/vc_column][\/vc_row][vc_row][vc_column width=\u00a0\u00bb1\/4&Prime;][\/vc_column][vc_column width=\u00a0\u00bb1\/2&Prime;][vc_gallery interval=\u00a0\u00bb3&Prime; images=\u00a0\u00bb1423019,1423032,1423029&Prime; img_size=\u00a0\u00bb450&#215;300&Prime;][\/vc_column][vc_column width=\u00a0\u00bb1\/4&Prime;][\/vc_column][\/vc_row]<\/p>\n<\/div>","protected":false},"excerpt":{"rendered":"<p>[vc_row][vc_column][vc_column_text]Bien plus qu\u2019un effet de mode, la c\u00e9ramique sort de l\u2019ombre pour atteindre des sommets de popularit\u00e9 \u00e9patants. Cette technique ancestrale et intemporelle ne cesse de s\u00e9duire le public, les artistes et collectionneurs. Tant les novices que les confirm\u00e9s r\u00e9pondent \u00e0 l\u2019appel de la terre et mettent la main \u00e0 la p\u00e2te pour s\u2019exprimer ou [&hellip;]<\/p>\n","protected":false},"author":13,"featured_media":0,"comment_status":"closed","ping_status":"closed","sticky":false,"template":"","format":"standard","meta":{"_acf_changed":false,"_monsterinsights_skip_tracking":false,"_monsterinsights_sitenote_active":false,"_monsterinsights_sitenote_note":"","_monsterinsights_sitenote_category":0,"footnotes":""},"categories":[83,87],"tags":[],"acf":[],"yoast_head":"<!-- This site is optimized with the Yoast SEO plugin v24.5 - https:\/\/yoast.com\/wordpress\/plugins\/seo\/ -->\n<title>La c\u00e9ramique\u00a0: une renaissance remarquable - Ixelles<\/title>\n<meta name=\"description\" content=\"Bien plus qu\u2019un effet de mode, la c\u00e9ramique sort de l\u2019ombre pour atteindre des sommets de popularit\u00e9 \u00e9patants.\" \/>\n<meta name=\"robots\" content=\"index, follow, max-snippet:-1, max-image-preview:large, max-video-preview:-1\" \/>\n<link rel=\"canonical\" href=\"https:\/\/culture.ixelles.be\/fr\/la-ceramique-une-renaissance-remarquable\/\" \/>\n<meta property=\"og:locale\" content=\"fr_FR\" \/>\n<meta property=\"og:type\" content=\"article\" \/>\n<meta property=\"og:title\" content=\"La c\u00e9ramique\u00a0: une renaissance remarquable - Ixelles\" \/>\n<meta property=\"og:description\" content=\"Bien plus qu\u2019un effet de mode, la c\u00e9ramique sort de l\u2019ombre pour atteindre des sommets de popularit\u00e9 \u00e9patants.\" \/>\n<meta property=\"og:url\" content=\"https:\/\/culture.ixelles.be\/fr\/la-ceramique-une-renaissance-remarquable\/\" \/>\n<meta property=\"og:site_name\" content=\"Ixelles\" \/>\n<meta property=\"article:published_time\" content=\"2023-05-03T15:31:26+00:00\" \/>\n<meta property=\"article:modified_time\" content=\"2023-05-03T16:34:44+00:00\" \/>\n<meta name=\"author\" content=\"Jens Dupon\" \/>\n<meta name=\"twitter:card\" content=\"summary_large_image\" \/>\n<meta name=\"twitter:label1\" content=\"\u00c9crit par\" \/>\n\t<meta name=\"twitter:data1\" content=\"Jens Dupon\" \/>\n\t<meta name=\"twitter:label2\" content=\"Dur\u00e9e de lecture estim\u00e9e\" \/>\n\t<meta name=\"twitter:data2\" content=\"2 minutes\" \/>\n<script type=\"application\/ld+json\" class=\"yoast-schema-graph\">{\"@context\":\"https:\/\/schema.org\",\"@graph\":[{\"@type\":\"Article\",\"@id\":\"https:\/\/culture.ixelles.be\/fr\/la-ceramique-une-renaissance-remarquable\/#article\",\"isPartOf\":{\"@id\":\"https:\/\/culture.ixelles.be\/fr\/la-ceramique-une-renaissance-remarquable\/\"},\"author\":{\"name\":\"Jens Dupon\",\"@id\":\"https:\/\/culture.ixelles.be\/fr\/#\/schema\/person\/c44ca5e9aa1390c5ec716e3a50688420\"},\"headline\":\"La c\u00e9ramique\u00a0: une renaissance remarquable\",\"datePublished\":\"2023-05-03T15:31:26+00:00\",\"dateModified\":\"2023-05-03T16:34:44+00:00\",\"mainEntityOfPage\":{\"@id\":\"https:\/\/culture.ixelles.be\/fr\/la-ceramique-une-renaissance-remarquable\/\"},\"wordCount\":489,\"publisher\":{\"@id\":\"https:\/\/culture.ixelles.be\/fr\/#organization\"},\"articleSection\":[\"A la une\",\"Portraits\"],\"inLanguage\":\"fr-FR\"},{\"@type\":\"WebPage\",\"@id\":\"https:\/\/culture.ixelles.be\/fr\/la-ceramique-une-renaissance-remarquable\/\",\"url\":\"https:\/\/culture.ixelles.be\/fr\/la-ceramique-une-renaissance-remarquable\/\",\"name\":\"La c\u00e9ramique\u00a0: une renaissance remarquable - Ixelles\",\"isPartOf\":{\"@id\":\"https:\/\/culture.ixelles.be\/fr\/#website\"},\"datePublished\":\"2023-05-03T15:31:26+00:00\",\"dateModified\":\"2023-05-03T16:34:44+00:00\",\"description\":\"Bien plus qu\u2019un effet de mode, la c\u00e9ramique sort de l\u2019ombre pour atteindre des sommets de popularit\u00e9 \u00e9patants.\",\"breadcrumb\":{\"@id\":\"https:\/\/culture.ixelles.be\/fr\/la-ceramique-une-renaissance-remarquable\/#breadcrumb\"},\"inLanguage\":\"fr-FR\",\"potentialAction\":[{\"@type\":\"ReadAction\",\"target\":[\"https:\/\/culture.ixelles.be\/fr\/la-ceramique-une-renaissance-remarquable\/\"]}]},{\"@type\":\"BreadcrumbList\",\"@id\":\"https:\/\/culture.ixelles.be\/fr\/la-ceramique-une-renaissance-remarquable\/#breadcrumb\",\"itemListElement\":[{\"@type\":\"ListItem\",\"position\":1,\"name\":\"Accueil\",\"item\":\"https:\/\/culture.ixelles.be\/fr\/\"},{\"@type\":\"ListItem\",\"position\":2,\"name\":\"La c\u00e9ramique\u00a0: une renaissance remarquable\"}]},{\"@type\":\"WebSite\",\"@id\":\"https:\/\/culture.ixelles.be\/fr\/#website\",\"url\":\"https:\/\/culture.ixelles.be\/fr\/\",\"name\":\"Ixelles\",\"description\":\"\",\"publisher\":{\"@id\":\"https:\/\/culture.ixelles.be\/fr\/#organization\"},\"potentialAction\":[{\"@type\":\"SearchAction\",\"target\":{\"@type\":\"EntryPoint\",\"urlTemplate\":\"https:\/\/culture.ixelles.be\/fr\/?s={search_term_string}\"},\"query-input\":{\"@type\":\"PropertyValueSpecification\",\"valueRequired\":true,\"valueName\":\"search_term_string\"}}],\"inLanguage\":\"fr-FR\"},{\"@type\":\"Organization\",\"@id\":\"https:\/\/culture.ixelles.be\/fr\/#organization\",\"name\":\"Service culture Ixelles\",\"url\":\"https:\/\/culture.ixelles.be\/fr\/\",\"logo\":{\"@type\":\"ImageObject\",\"inLanguage\":\"fr-FR\",\"@id\":\"https:\/\/culture.ixelles.be\/fr\/#\/schema\/logo\/image\/\",\"url\":\"https:\/\/culture.ixelles.be\/wp-content\/uploads\/2021\/05\/ixelles_green.svg\",\"contentUrl\":\"https:\/\/culture.ixelles.be\/wp-content\/uploads\/2021\/05\/ixelles_green.svg\",\"width\":1,\"height\":1,\"caption\":\"Service culture Ixelles\"},\"image\":{\"@id\":\"https:\/\/culture.ixelles.be\/fr\/#\/schema\/logo\/image\/\"}},{\"@type\":\"Person\",\"@id\":\"https:\/\/culture.ixelles.be\/fr\/#\/schema\/person\/c44ca5e9aa1390c5ec716e3a50688420\",\"name\":\"Jens Dupon\",\"url\":\"https:\/\/culture.ixelles.be\/fr\/author\/jens-d\/\"}]}<\/script>\n<!-- \/ Yoast SEO plugin. -->","yoast_head_json":{"title":"La c\u00e9ramique\u00a0: une renaissance remarquable - Ixelles","description":"Bien plus qu\u2019un effet de mode, la c\u00e9ramique sort de l\u2019ombre pour atteindre des sommets de popularit\u00e9 \u00e9patants.","robots":{"index":"index","follow":"follow","max-snippet":"max-snippet:-1","max-image-preview":"max-image-preview:large","max-video-preview":"max-video-preview:-1"},"canonical":"https:\/\/culture.ixelles.be\/fr\/la-ceramique-une-renaissance-remarquable\/","og_locale":"fr_FR","og_type":"article","og_title":"La c\u00e9ramique\u00a0: une renaissance remarquable - Ixelles","og_description":"Bien plus qu\u2019un effet de mode, la c\u00e9ramique sort de l\u2019ombre pour atteindre des sommets de popularit\u00e9 \u00e9patants.","og_url":"https:\/\/culture.ixelles.be\/fr\/la-ceramique-une-renaissance-remarquable\/","og_site_name":"Ixelles","article_published_time":"2023-05-03T15:31:26+00:00","article_modified_time":"2023-05-03T16:34:44+00:00","author":"Jens Dupon","twitter_card":"summary_large_image","twitter_misc":{"\u00c9crit par":"Jens Dupon","Dur\u00e9e de lecture estim\u00e9e":"2 minutes"},"schema":{"@context":"https:\/\/schema.org","@graph":[{"@type":"Article","@id":"https:\/\/culture.ixelles.be\/fr\/la-ceramique-une-renaissance-remarquable\/#article","isPartOf":{"@id":"https:\/\/culture.ixelles.be\/fr\/la-ceramique-une-renaissance-remarquable\/"},"author":{"name":"Jens Dupon","@id":"https:\/\/culture.ixelles.be\/fr\/#\/schema\/person\/c44ca5e9aa1390c5ec716e3a50688420"},"headline":"La c\u00e9ramique\u00a0: une renaissance remarquable","datePublished":"2023-05-03T15:31:26+00:00","dateModified":"2023-05-03T16:34:44+00:00","mainEntityOfPage":{"@id":"https:\/\/culture.ixelles.be\/fr\/la-ceramique-une-renaissance-remarquable\/"},"wordCount":489,"publisher":{"@id":"https:\/\/culture.ixelles.be\/fr\/#organization"},"articleSection":["A la une","Portraits"],"inLanguage":"fr-FR"},{"@type":"WebPage","@id":"https:\/\/culture.ixelles.be\/fr\/la-ceramique-une-renaissance-remarquable\/","url":"https:\/\/culture.ixelles.be\/fr\/la-ceramique-une-renaissance-remarquable\/","name":"La c\u00e9ramique\u00a0: une renaissance remarquable - Ixelles","isPartOf":{"@id":"https:\/\/culture.ixelles.be\/fr\/#website"},"datePublished":"2023-05-03T15:31:26+00:00","dateModified":"2023-05-03T16:34:44+00:00","description":"Bien plus qu\u2019un effet de mode, la c\u00e9ramique sort de l\u2019ombre pour atteindre des sommets de popularit\u00e9 \u00e9patants.","breadcrumb":{"@id":"https:\/\/culture.ixelles.be\/fr\/la-ceramique-une-renaissance-remarquable\/#breadcrumb"},"inLanguage":"fr-FR","potentialAction":[{"@type":"ReadAction","target":["https:\/\/culture.ixelles.be\/fr\/la-ceramique-une-renaissance-remarquable\/"]}]},{"@type":"BreadcrumbList","@id":"https:\/\/culture.ixelles.be\/fr\/la-ceramique-une-renaissance-remarquable\/#breadcrumb","itemListElement":[{"@type":"ListItem","position":1,"name":"Accueil","item":"https:\/\/culture.ixelles.be\/fr\/"},{"@type":"ListItem","position":2,"name":"La c\u00e9ramique\u00a0: une renaissance remarquable"}]},{"@type":"WebSite","@id":"https:\/\/culture.ixelles.be\/fr\/#website","url":"https:\/\/culture.ixelles.be\/fr\/","name":"Ixelles","description":"","publisher":{"@id":"https:\/\/culture.ixelles.be\/fr\/#organization"},"potentialAction":[{"@type":"SearchAction","target":{"@type":"EntryPoint","urlTemplate":"https:\/\/culture.ixelles.be\/fr\/?s={search_term_string}"},"query-input":{"@type":"PropertyValueSpecification","valueRequired":true,"valueName":"search_term_string"}}],"inLanguage":"fr-FR"},{"@type":"Organization","@id":"https:\/\/culture.ixelles.be\/fr\/#organization","name":"Service culture Ixelles","url":"https:\/\/culture.ixelles.be\/fr\/","logo":{"@type":"ImageObject","inLanguage":"fr-FR","@id":"https:\/\/culture.ixelles.be\/fr\/#\/schema\/logo\/image\/","url":"https:\/\/culture.ixelles.be\/wp-content\/uploads\/2021\/05\/ixelles_green.svg","contentUrl":"https:\/\/culture.ixelles.be\/wp-content\/uploads\/2021\/05\/ixelles_green.svg","width":1,"height":1,"caption":"Service culture Ixelles"},"image":{"@id":"https:\/\/culture.ixelles.be\/fr\/#\/schema\/logo\/image\/"}},{"@type":"Person","@id":"https:\/\/culture.ixelles.be\/fr\/#\/schema\/person\/c44ca5e9aa1390c5ec716e3a50688420","name":"Jens Dupon","url":"https:\/\/culture.ixelles.be\/fr\/author\/jens-d\/"}]}},"jetpack_featured_media_url":"","_links":{"self":[{"href":"https:\/\/culture.ixelles.be\/fr\/wp-json\/wp\/v2\/posts\/1423018"}],"collection":[{"href":"https:\/\/culture.ixelles.be\/fr\/wp-json\/wp\/v2\/posts"}],"about":[{"href":"https:\/\/culture.ixelles.be\/fr\/wp-json\/wp\/v2\/types\/post"}],"author":[{"embeddable":true,"href":"https:\/\/culture.ixelles.be\/fr\/wp-json\/wp\/v2\/users\/13"}],"replies":[{"embeddable":true,"href":"https:\/\/culture.ixelles.be\/fr\/wp-json\/wp\/v2\/comments?post=1423018"}],"version-history":[{"count":5,"href":"https:\/\/culture.ixelles.be\/fr\/wp-json\/wp\/v2\/posts\/1423018\/revisions"}],"predecessor-version":[{"id":1423045,"href":"https:\/\/culture.ixelles.be\/fr\/wp-json\/wp\/v2\/posts\/1423018\/revisions\/1423045"}],"wp:attachment":[{"href":"https:\/\/culture.ixelles.be\/fr\/wp-json\/wp\/v2\/media?parent=1423018"}],"wp:term":[{"taxonomy":"category","embeddable":true,"href":"https:\/\/culture.ixelles.be\/fr\/wp-json\/wp\/v2\/categories?post=1423018"},{"taxonomy":"post_tag","embeddable":true,"href":"https:\/\/culture.ixelles.be\/fr\/wp-json\/wp\/v2\/tags?post=1423018"}],"curies":[{"name":"wp","href":"https:\/\/api.w.org\/{rel}","templated":true}]}}