{"id":1489469,"date":"2023-11-15T10:37:34","date_gmt":"2023-11-15T10:37:34","guid":{"rendered":"https:\/\/culture.ixelles.be\/?p=1489469"},"modified":"2024-01-26T10:47:08","modified_gmt":"2024-01-26T10:47:08","slug":"xl-danse-appel-a-projets","status":"publish","type":"post","link":"https:\/\/culture.ixelles.be\/fr\/xl-danse-appel-a-projets\/","title":{"rendered":"XL DANSE : appel \u00e0 projets"},"content":{"rendered":"<div class=\"wpb-content-wrapper\"><div style=\"margin-top: 0px; margin-bottom: 0px;\" class=\"sharethis-inline-share-buttons\" ><\/div><p>[vc_row][vc_column][vc_column_text]<strong>La Commune d\u2019Ixelles lance un appel \u00e0 projets culturels pour le festival de danse \u00ab XL DANSE \u00bb<\/strong><\/p>\n<p>&nbsp;<\/p>\n<p><em>\u00a0<\/em><\/p>\n<p><strong><em>XL DANSE, tout le monde danse \u00a0<\/em><\/strong>veut promouvoir des projets qui font danser tout le monde. La danse connecte, aucune langue n&rsquo;est n\u00e9cessaire. XL Danse vous invite \u00e0 \u00eatre spectateur mais surtout \u00e0 participer, \u00e0 danser et \u00e0 bouger avec nous.<\/p>\n<p>&nbsp;<\/p>\n<p>XL Danse aura lieu le <strong>25 mai 2024<\/strong>.<\/p>\n<p>La Commune honorera <strong>6 projets<\/strong> qui recevront chacun <strong>un soutien financier de 1.000 euros. <\/strong>[\/vc_column_text][vc_column_text]<strong>Qui\u00a0?<\/strong><\/p>\n<p>Le demandeur peut \u00eatre une <strong>personne physique <\/strong>ou<strong> morale<\/strong>[\/vc_column_text][vc_column_text]<strong>Crit\u00e8res d\u2019\u00e9valuation des projets\u00a0:<\/strong><\/p>\n<ul>\n<li>Approche th\u00e9matique<\/li>\n<li>Accent mis sur la connexion\/les liens<\/li>\n<li>Qualit\u00e9 m\u00e9thodologique<\/li>\n<\/ul>\n<p>[\/vc_column_text][vc_column_text]<strong>Comment\u00a0?<\/strong><\/p>\n<p>Vous trouverez plus d\u2019informations sur l\u2019appel \u00e0 projet et sur les modalit\u00e9s pour introduire un dossier de candidature dans le <strong><a href=\"https:\/\/culture.ixelles.be\/wp-content\/uploads\/2023\/11\/ANNEXE-2-Dossier-Appel-a-projet-XL-Danse-2023.pdf\">Dossier Appel \u00e0 projet XL Danse<\/a>.<\/strong><\/p>\n<p>&nbsp;<\/p>\n<p>Le dossier de <strong>candidature complet doit \u00eatre envoy\u00e9 par e-mail<\/strong> \u00e0 <a href=\"mailto:lore.vandyck@ixelles.brussels\">lore.vandyck@ixelles.brussels<\/a> au plus tard <strong>le 19 f\u00e9vrier 2024 \u00e0 12:00<\/strong>.<\/p>\n<p>&nbsp;<\/p>\n<p>&nbsp;<\/p>\n<p>Votre dossier ne sera recevable que si les documents suivants sont annex\u00e9s \u00e0 la demande:<\/p>\n<ul>\n<li><a href=\"https:\/\/culture.ixelles.be\/wp-content\/uploads\/2023\/11\/ANNEXE-3-Formulaire-de-demande-de-subvention-XL-Danse-2024-1.pdf\">Le <strong>Formulaire de demande de subvention XL Danse<\/strong><\/a> rempli;<\/li>\n<li><strong>Une preuve du mandat<\/strong> du repr\u00e9sentant (en cas que vous soumettez votre dossier en tant que personne morale) (ex. statuts pour une asbl);<strong><br \/>\n<\/strong><\/li>\n<li><strong>Une Fiche Technique : <\/strong>conditions techniques pour le support musical. Si la musique est jou\u00e9e en direct, elle peut \u00eatre acoustique ou l\u00e9g\u00e8rement amplifi\u00e9e;<strong><br \/>\n<\/strong><\/li>\n<li><strong>Des photos et\/ou croquis<\/strong> des installations techniques et artistiques (le cas \u00e9ch\u00e9ant).<\/li>\n<\/ul>\n<p>[\/vc_column_text][vc_column_text]<strong>Plus d\u2019informations<\/strong><\/p>\n<p>&nbsp;<\/p>\n<p>Une session d&rsquo;information en ligne sera organis\u00e9e: <strong>Lundi 05 f\u00e9vrier 2024 de 12h30 \u00e0 13h30 <\/strong>\u00a0Pour vous inscrire et recevoir le lien de la r\u00e9union, envoyez un email \u00e0 <a href=\"mailto:culture@ixelles.brussels\">culture@ixelles.brussels<\/a>.<\/p>\n<p>&nbsp;<\/p>\n<p>Contact pour plus d\u2019information : Mme Lore Van Dyck \u2013 <a href=\"mailto:lore.vandyck@ixelles.brussels\">lore.vandyck@ixelles.brussels<\/a> \u2013 02 515 64 77.[\/vc_column_text][vc_column_text]<strong>Documents<\/strong><\/p>\n<p><a href=\"https:\/\/culture.ixelles.be\/wp-content\/uploads\/2023\/11\/ANNEXE-3-Formulaire-de-demande-de-subvention-XL-Danse-2024-1.pdf\">Formulaire de demande de subvention XL Danse (2024)<\/a><\/p>\n<p><a href=\"https:\/\/culture.ixelles.be\/wp-content\/uploads\/2023\/11\/ANNEXE-2-Dossier-Appel-a-projet-XL-Danse-2023.pdf\">Dossier Appel \u00e0 projet XL Danse<\/a><\/p>\n<p><a href=\"https:\/\/culture.ixelles.be\/wp-content\/themes\/leedo-child\/assets\/pdfs\/Reglement_subventions_FR.pdf\" target=\"_blank\" rel=\"noopener\">R\u00e8glement relatif aux subventions (Commune d\u2019Ixelles)<\/a><\/p>\n<p><a href=\"https:\/\/culture.ixelles.be\/wp-content\/uploads\/2023\/04\/Politique-de-confidentialite.pdf\" target=\"_blank\" rel=\"noopener\">Politique de confidentialit\u00e9<\/a>[\/vc_column_text][\/vc_column][\/vc_row][vc_row][vc_column][\/vc_column][\/vc_row][vc_row][vc_column][vc_column_text]<\/p>\n<p>&nbsp;<\/p>\n<p>[\/vc_column_text][\/vc_column][\/vc_row]<\/p>\n<\/div>","protected":false},"excerpt":{"rendered":"<p>[vc_row][vc_column][vc_column_text]La Commune d\u2019Ixelles lance un appel \u00e0 projets culturels pour le festival de danse \u00ab XL DANSE \u00bb &nbsp; \u00a0 XL DANSE, tout le monde danse \u00a0veut promouvoir des projets qui font danser tout le monde. La danse connecte, aucune langue n&rsquo;est n\u00e9cessaire. XL Danse vous invite \u00e0 \u00eatre spectateur mais surtout \u00e0 participer, \u00e0 [&hellip;]<\/p>\n","protected":false},"author":12,"featured_media":1510926,"comment_status":"closed","ping_status":"closed","sticky":false,"template":"","format":"standard","meta":{"_acf_changed":false,"_monsterinsights_skip_tracking":false,"_monsterinsights_sitenote_active":false,"_monsterinsights_sitenote_note":"","_monsterinsights_sitenote_category":0,"footnotes":""},"categories":[83,95,91],"tags":[],"acf":[],"yoast_head":"<!-- This site is optimized with the Yoast SEO plugin v24.5 - https:\/\/yoast.com\/wordpress\/plugins\/seo\/ -->\n<title>XL DANSE : appel \u00e0 projets - Ixelles<\/title>\n<meta name=\"description\" content=\"La Commune d\u2019Ixelles lance un appel \u00e0 projets culturels pour le festival de danse \u00ab\u00a0XL DANSE\u00a0\u00bb. Deadline pour soumettre un projet: 19 f\u00e9vrier 2024 \u00e0 12h.\" \/>\n<meta name=\"robots\" content=\"index, follow, max-snippet:-1, max-image-preview:large, max-video-preview:-1\" \/>\n<link rel=\"canonical\" href=\"https:\/\/culture.ixelles.be\/fr\/xl-danse-appel-a-projets\/\" \/>\n<meta property=\"og:locale\" content=\"fr_FR\" \/>\n<meta property=\"og:type\" content=\"article\" \/>\n<meta property=\"og:title\" content=\"XL DANSE : appel \u00e0 projets - Ixelles\" \/>\n<meta property=\"og:description\" content=\"La Commune d\u2019Ixelles lance un appel \u00e0 projets culturels pour le festival de danse \u00ab\u00a0XL DANSE\u00a0\u00bb. Deadline pour soumettre un projet: 19 f\u00e9vrier 2024 \u00e0 12h.\" \/>\n<meta property=\"og:url\" content=\"https:\/\/culture.ixelles.be\/fr\/xl-danse-appel-a-projets\/\" \/>\n<meta property=\"og:site_name\" content=\"Ixelles\" \/>\n<meta property=\"article:published_time\" content=\"2023-11-15T10:37:34+00:00\" \/>\n<meta property=\"article:modified_time\" content=\"2024-01-26T10:47:08+00:00\" \/>\n<meta property=\"og:image\" content=\"https:\/\/culture.ixelles.be\/wp-content\/uploads\/2023\/11\/XL-Danse-Insta-Projectoproep.png\" \/>\n\t<meta property=\"og:image:width\" content=\"1080\" \/>\n\t<meta property=\"og:image:height\" content=\"1080\" \/>\n\t<meta property=\"og:image:type\" content=\"image\/png\" \/>\n<meta name=\"author\" content=\"Lore Van Dyck\" \/>\n<meta name=\"twitter:card\" content=\"summary_large_image\" \/>\n<meta name=\"twitter:label1\" content=\"\u00c9crit par\" \/>\n\t<meta name=\"twitter:data1\" content=\"Lore Van Dyck\" \/>\n\t<meta name=\"twitter:label2\" content=\"Dur\u00e9e de lecture estim\u00e9e\" \/>\n\t<meta name=\"twitter:data2\" content=\"2 minutes\" \/>\n<script type=\"application\/ld+json\" class=\"yoast-schema-graph\">{\"@context\":\"https:\/\/schema.org\",\"@graph\":[{\"@type\":\"Article\",\"@id\":\"https:\/\/culture.ixelles.be\/fr\/xl-danse-appel-a-projets\/#article\",\"isPartOf\":{\"@id\":\"https:\/\/culture.ixelles.be\/fr\/xl-danse-appel-a-projets\/\"},\"author\":{\"name\":\"Lore Van Dyck\",\"@id\":\"https:\/\/culture.ixelles.be\/fr\/#\/schema\/person\/f9e32cf82cccc454eb020ec593ae2631\"},\"headline\":\"XL DANSE : appel \u00e0 projets\",\"datePublished\":\"2023-11-15T10:37:34+00:00\",\"dateModified\":\"2024-01-26T10:47:08+00:00\",\"mainEntityOfPage\":{\"@id\":\"https:\/\/culture.ixelles.be\/fr\/xl-danse-appel-a-projets\/\"},\"wordCount\":387,\"publisher\":{\"@id\":\"https:\/\/culture.ixelles.be\/fr\/#organization\"},\"image\":{\"@id\":\"https:\/\/culture.ixelles.be\/fr\/xl-danse-appel-a-projets\/#primaryimage\"},\"thumbnailUrl\":\"https:\/\/culture.ixelles.be\/wp-content\/uploads\/2023\/11\/XL-Danse-Insta-Projectoproep.png\",\"articleSection\":[\"A la une\",\"Article mis en avant\",\"Page espace pro\"],\"inLanguage\":\"fr-FR\"},{\"@type\":\"WebPage\",\"@id\":\"https:\/\/culture.ixelles.be\/fr\/xl-danse-appel-a-projets\/\",\"url\":\"https:\/\/culture.ixelles.be\/fr\/xl-danse-appel-a-projets\/\",\"name\":\"XL DANSE : appel \u00e0 projets - Ixelles\",\"isPartOf\":{\"@id\":\"https:\/\/culture.ixelles.be\/fr\/#website\"},\"primaryImageOfPage\":{\"@id\":\"https:\/\/culture.ixelles.be\/fr\/xl-danse-appel-a-projets\/#primaryimage\"},\"image\":{\"@id\":\"https:\/\/culture.ixelles.be\/fr\/xl-danse-appel-a-projets\/#primaryimage\"},\"thumbnailUrl\":\"https:\/\/culture.ixelles.be\/wp-content\/uploads\/2023\/11\/XL-Danse-Insta-Projectoproep.png\",\"datePublished\":\"2023-11-15T10:37:34+00:00\",\"dateModified\":\"2024-01-26T10:47:08+00:00\",\"description\":\"La Commune d\u2019Ixelles lance un appel \u00e0 projets culturels pour le festival de danse \u00ab\u00a0XL DANSE\u00a0\u00bb. Deadline pour soumettre un projet: 19 f\u00e9vrier 2024 \u00e0 12h.\",\"breadcrumb\":{\"@id\":\"https:\/\/culture.ixelles.be\/fr\/xl-danse-appel-a-projets\/#breadcrumb\"},\"inLanguage\":\"fr-FR\",\"potentialAction\":[{\"@type\":\"ReadAction\",\"target\":[\"https:\/\/culture.ixelles.be\/fr\/xl-danse-appel-a-projets\/\"]}]},{\"@type\":\"ImageObject\",\"inLanguage\":\"fr-FR\",\"@id\":\"https:\/\/culture.ixelles.be\/fr\/xl-danse-appel-a-projets\/#primaryimage\",\"url\":\"https:\/\/culture.ixelles.be\/wp-content\/uploads\/2023\/11\/XL-Danse-Insta-Projectoproep.png\",\"contentUrl\":\"https:\/\/culture.ixelles.be\/wp-content\/uploads\/2023\/11\/XL-Danse-Insta-Projectoproep.png\",\"width\":1080,\"height\":1080},{\"@type\":\"BreadcrumbList\",\"@id\":\"https:\/\/culture.ixelles.be\/fr\/xl-danse-appel-a-projets\/#breadcrumb\",\"itemListElement\":[{\"@type\":\"ListItem\",\"position\":1,\"name\":\"Accueil\",\"item\":\"https:\/\/culture.ixelles.be\/fr\/\"},{\"@type\":\"ListItem\",\"position\":2,\"name\":\"XL DANSE : appel \u00e0 projets\"}]},{\"@type\":\"WebSite\",\"@id\":\"https:\/\/culture.ixelles.be\/fr\/#website\",\"url\":\"https:\/\/culture.ixelles.be\/fr\/\",\"name\":\"Ixelles\",\"description\":\"\",\"publisher\":{\"@id\":\"https:\/\/culture.ixelles.be\/fr\/#organization\"},\"potentialAction\":[{\"@type\":\"SearchAction\",\"target\":{\"@type\":\"EntryPoint\",\"urlTemplate\":\"https:\/\/culture.ixelles.be\/fr\/?s={search_term_string}\"},\"query-input\":{\"@type\":\"PropertyValueSpecification\",\"valueRequired\":true,\"valueName\":\"search_term_string\"}}],\"inLanguage\":\"fr-FR\"},{\"@type\":\"Organization\",\"@id\":\"https:\/\/culture.ixelles.be\/fr\/#organization\",\"name\":\"Service culture Ixelles\",\"url\":\"https:\/\/culture.ixelles.be\/fr\/\",\"logo\":{\"@type\":\"ImageObject\",\"inLanguage\":\"fr-FR\",\"@id\":\"https:\/\/culture.ixelles.be\/fr\/#\/schema\/logo\/image\/\",\"url\":\"https:\/\/culture.ixelles.be\/wp-content\/uploads\/2021\/05\/ixelles_green.svg\",\"contentUrl\":\"https:\/\/culture.ixelles.be\/wp-content\/uploads\/2021\/05\/ixelles_green.svg\",\"width\":1,\"height\":1,\"caption\":\"Service culture Ixelles\"},\"image\":{\"@id\":\"https:\/\/culture.ixelles.be\/fr\/#\/schema\/logo\/image\/\"}},{\"@type\":\"Person\",\"@id\":\"https:\/\/culture.ixelles.be\/fr\/#\/schema\/person\/f9e32cf82cccc454eb020ec593ae2631\",\"name\":\"Lore Van Dyck\",\"url\":\"https:\/\/culture.ixelles.be\/fr\/author\/lore-vd\/\"}]}<\/script>\n<!-- \/ Yoast SEO plugin. -->","yoast_head_json":{"title":"XL DANSE : appel \u00e0 projets - Ixelles","description":"La Commune d\u2019Ixelles lance un appel \u00e0 projets culturels pour le festival de danse \u00ab\u00a0XL DANSE\u00a0\u00bb. Deadline pour soumettre un projet: 19 f\u00e9vrier 2024 \u00e0 12h.","robots":{"index":"index","follow":"follow","max-snippet":"max-snippet:-1","max-image-preview":"max-image-preview:large","max-video-preview":"max-video-preview:-1"},"canonical":"https:\/\/culture.ixelles.be\/fr\/xl-danse-appel-a-projets\/","og_locale":"fr_FR","og_type":"article","og_title":"XL DANSE : appel \u00e0 projets - Ixelles","og_description":"La Commune d\u2019Ixelles lance un appel \u00e0 projets culturels pour le festival de danse \u00ab\u00a0XL DANSE\u00a0\u00bb. Deadline pour soumettre un projet: 19 f\u00e9vrier 2024 \u00e0 12h.","og_url":"https:\/\/culture.ixelles.be\/fr\/xl-danse-appel-a-projets\/","og_site_name":"Ixelles","article_published_time":"2023-11-15T10:37:34+00:00","article_modified_time":"2024-01-26T10:47:08+00:00","og_image":[{"width":1080,"height":1080,"url":"https:\/\/culture.ixelles.be\/wp-content\/uploads\/2023\/11\/XL-Danse-Insta-Projectoproep.png","type":"image\/png"}],"author":"Lore Van Dyck","twitter_card":"summary_large_image","twitter_misc":{"\u00c9crit par":"Lore Van Dyck","Dur\u00e9e de lecture estim\u00e9e":"2 minutes"},"schema":{"@context":"https:\/\/schema.org","@graph":[{"@type":"Article","@id":"https:\/\/culture.ixelles.be\/fr\/xl-danse-appel-a-projets\/#article","isPartOf":{"@id":"https:\/\/culture.ixelles.be\/fr\/xl-danse-appel-a-projets\/"},"author":{"name":"Lore Van Dyck","@id":"https:\/\/culture.ixelles.be\/fr\/#\/schema\/person\/f9e32cf82cccc454eb020ec593ae2631"},"headline":"XL DANSE : appel \u00e0 projets","datePublished":"2023-11-15T10:37:34+00:00","dateModified":"2024-01-26T10:47:08+00:00","mainEntityOfPage":{"@id":"https:\/\/culture.ixelles.be\/fr\/xl-danse-appel-a-projets\/"},"wordCount":387,"publisher":{"@id":"https:\/\/culture.ixelles.be\/fr\/#organization"},"image":{"@id":"https:\/\/culture.ixelles.be\/fr\/xl-danse-appel-a-projets\/#primaryimage"},"thumbnailUrl":"https:\/\/culture.ixelles.be\/wp-content\/uploads\/2023\/11\/XL-Danse-Insta-Projectoproep.png","articleSection":["A la une","Article mis en avant","Page espace pro"],"inLanguage":"fr-FR"},{"@type":"WebPage","@id":"https:\/\/culture.ixelles.be\/fr\/xl-danse-appel-a-projets\/","url":"https:\/\/culture.ixelles.be\/fr\/xl-danse-appel-a-projets\/","name":"XL DANSE : appel \u00e0 projets - Ixelles","isPartOf":{"@id":"https:\/\/culture.ixelles.be\/fr\/#website"},"primaryImageOfPage":{"@id":"https:\/\/culture.ixelles.be\/fr\/xl-danse-appel-a-projets\/#primaryimage"},"image":{"@id":"https:\/\/culture.ixelles.be\/fr\/xl-danse-appel-a-projets\/#primaryimage"},"thumbnailUrl":"https:\/\/culture.ixelles.be\/wp-content\/uploads\/2023\/11\/XL-Danse-Insta-Projectoproep.png","datePublished":"2023-11-15T10:37:34+00:00","dateModified":"2024-01-26T10:47:08+00:00","description":"La Commune d\u2019Ixelles lance un appel \u00e0 projets culturels pour le festival de danse \u00ab\u00a0XL DANSE\u00a0\u00bb. Deadline pour soumettre un projet: 19 f\u00e9vrier 2024 \u00e0 12h.","breadcrumb":{"@id":"https:\/\/culture.ixelles.be\/fr\/xl-danse-appel-a-projets\/#breadcrumb"},"inLanguage":"fr-FR","potentialAction":[{"@type":"ReadAction","target":["https:\/\/culture.ixelles.be\/fr\/xl-danse-appel-a-projets\/"]}]},{"@type":"ImageObject","inLanguage":"fr-FR","@id":"https:\/\/culture.ixelles.be\/fr\/xl-danse-appel-a-projets\/#primaryimage","url":"https:\/\/culture.ixelles.be\/wp-content\/uploads\/2023\/11\/XL-Danse-Insta-Projectoproep.png","contentUrl":"https:\/\/culture.ixelles.be\/wp-content\/uploads\/2023\/11\/XL-Danse-Insta-Projectoproep.png","width":1080,"height":1080},{"@type":"BreadcrumbList","@id":"https:\/\/culture.ixelles.be\/fr\/xl-danse-appel-a-projets\/#breadcrumb","itemListElement":[{"@type":"ListItem","position":1,"name":"Accueil","item":"https:\/\/culture.ixelles.be\/fr\/"},{"@type":"ListItem","position":2,"name":"XL DANSE : appel \u00e0 projets"}]},{"@type":"WebSite","@id":"https:\/\/culture.ixelles.be\/fr\/#website","url":"https:\/\/culture.ixelles.be\/fr\/","name":"Ixelles","description":"","publisher":{"@id":"https:\/\/culture.ixelles.be\/fr\/#organization"},"potentialAction":[{"@type":"SearchAction","target":{"@type":"EntryPoint","urlTemplate":"https:\/\/culture.ixelles.be\/fr\/?s={search_term_string}"},"query-input":{"@type":"PropertyValueSpecification","valueRequired":true,"valueName":"search_term_string"}}],"inLanguage":"fr-FR"},{"@type":"Organization","@id":"https:\/\/culture.ixelles.be\/fr\/#organization","name":"Service culture Ixelles","url":"https:\/\/culture.ixelles.be\/fr\/","logo":{"@type":"ImageObject","inLanguage":"fr-FR","@id":"https:\/\/culture.ixelles.be\/fr\/#\/schema\/logo\/image\/","url":"https:\/\/culture.ixelles.be\/wp-content\/uploads\/2021\/05\/ixelles_green.svg","contentUrl":"https:\/\/culture.ixelles.be\/wp-content\/uploads\/2021\/05\/ixelles_green.svg","width":1,"height":1,"caption":"Service culture Ixelles"},"image":{"@id":"https:\/\/culture.ixelles.be\/fr\/#\/schema\/logo\/image\/"}},{"@type":"Person","@id":"https:\/\/culture.ixelles.be\/fr\/#\/schema\/person\/f9e32cf82cccc454eb020ec593ae2631","name":"Lore Van Dyck","url":"https:\/\/culture.ixelles.be\/fr\/author\/lore-vd\/"}]}},"jetpack_featured_media_url":"https:\/\/culture.ixelles.be\/wp-content\/uploads\/2023\/11\/XL-Danse-Insta-Projectoproep.png","_links":{"self":[{"href":"https:\/\/culture.ixelles.be\/fr\/wp-json\/wp\/v2\/posts\/1489469"}],"collection":[{"href":"https:\/\/culture.ixelles.be\/fr\/wp-json\/wp\/v2\/posts"}],"about":[{"href":"https:\/\/culture.ixelles.be\/fr\/wp-json\/wp\/v2\/types\/post"}],"author":[{"embeddable":true,"href":"https:\/\/culture.ixelles.be\/fr\/wp-json\/wp\/v2\/users\/12"}],"replies":[{"embeddable":true,"href":"https:\/\/culture.ixelles.be\/fr\/wp-json\/wp\/v2\/comments?post=1489469"}],"version-history":[{"count":20,"href":"https:\/\/culture.ixelles.be\/fr\/wp-json\/wp\/v2\/posts\/1489469\/revisions"}],"predecessor-version":[{"id":1516528,"href":"https:\/\/culture.ixelles.be\/fr\/wp-json\/wp\/v2\/posts\/1489469\/revisions\/1516528"}],"wp:featuredmedia":[{"embeddable":true,"href":"https:\/\/culture.ixelles.be\/fr\/wp-json\/wp\/v2\/media\/1510926"}],"wp:attachment":[{"href":"https:\/\/culture.ixelles.be\/fr\/wp-json\/wp\/v2\/media?parent=1489469"}],"wp:term":[{"taxonomy":"category","embeddable":true,"href":"https:\/\/culture.ixelles.be\/fr\/wp-json\/wp\/v2\/categories?post=1489469"},{"taxonomy":"post_tag","embeddable":true,"href":"https:\/\/culture.ixelles.be\/fr\/wp-json\/wp\/v2\/tags?post=1489469"}],"curies":[{"name":"wp","href":"https:\/\/api.w.org\/{rel}","templated":true}]}}