{"id":1636671,"date":"2024-12-16T14:23:24","date_gmt":"2024-12-16T14:23:24","guid":{"rendered":"https:\/\/culture.ixelles.be\/?p=1636671"},"modified":"2024-12-16T14:33:41","modified_gmt":"2024-12-16T14:33:41","slug":"la-ctej-au-coeur-du-theatre-jeune-public","status":"publish","type":"post","link":"https:\/\/culture.ixelles.be\/fr\/la-ctej-au-coeur-du-theatre-jeune-public\/","title":{"rendered":"La CTEJ, au c\u0153ur du th\u00e9\u00e2tre \u00ab jeune public \u00bb"},"content":{"rendered":"<div style=\"margin-top: 0px; margin-bottom: 0px;\" class=\"sharethis-inline-share-buttons\" ><\/div><p><strong>Une maison avenue de l\u2019Hippodrome juste en face d\u2019un glacier. Au rez-de-chauss\u00e9e, se niche la CTEJ, la Chambre des Th\u00e9\u00e2tres pour l\u2019Enfance et la Jeunesse. C\u2019est Jennifer, charg\u00e9e de communication, accompagn\u00e9e du chat Fafa, qui m\u2019accueille. Trois pi\u00e8ces en enfilade, un jardin pour les beaux jours et une douce odeur de caf\u00e9 dans l\u2019air. Rencontre avec une \u00e9quipe chaleureuse et engag\u00e9e.<\/strong><\/p>\n<p>&nbsp;<\/p>\n<p>Virginie, Magali, Claire, Jennifer et Philippe, un quintette de choc qui questionne, bouscule, interroge et d\u00e9fend le secteur du th\u00e9\u00e2tre et de la danse \u00ab\u00a0jeune public\u00a0\u00bb.<\/p>\n<p>&nbsp;<\/p>\n<p>Virginie Devaster, directrice, pose le cadre\u00a0: \u00ab\u00a0la CTEJ qui existe depuis 1976 est une association qui rassemble 110 compagnies professionnelles de th\u00e9\u00e2tre et danse jeune public. On est une structure de services au b\u00e9n\u00e9fice de ces compagnies. Nous proposons des formations au secteur, notamment de comptabilit\u00e9 ou encore sur la mani\u00e8re de renvoyer un feed-back apr\u00e8s un spectacle. Nous avons aussi une mission de promotion. Ainsi, nous \u00e9ditons un agenda des repr\u00e9sentations publiques disponible dans tous les lieux culturels. Nous publions aussi des textes de th\u00e9\u00e2tre et des albums illustr\u00e9s issus de spectacles accessibles d\u00e8s le plus jeune \u00e2ge. Nous ne sommes pas une maison d\u2019\u00e9dition\u00a0; nous souhaitions n\u00e9anmoins fournir aux compagnies et au public de beaux objets pour garder une trace de ces spectacles par essence \u00e9ph\u00e9m\u00e8res et prolonger \u00e0 la maison les \u00e9motions v\u00e9cues au th\u00e9\u00e2tre.\u00a0C\u2019est pr\u00e9cieux.\u00bb<\/p>\n<p>&nbsp;<\/p>\n<p>Claire Cagnat est charg\u00e9e de projets artistiques et cheville ouvri\u00e8re du \u00ab\u00a0Festival\u00a0No\u00ebl au th\u00e9\u00e2tre\u00a0\u00bb qui propose durant les f\u00eates de fin d\u2019ann\u00e9e une trentaine de spectacles dans 12 lieux diff\u00e9rents \u00e0 Bruxelles. \u00ab\u00a0Ce festival est souvent le premier acc\u00e8s aux spectacles et aux lieux culturels pour les enfants. C\u2019est un festival familial, chaleureux, avec des spectacles pour toustes, des b\u00e9b\u00e9s aux ados. C\u2019est tr\u00e8s beau de voir le public revenir ann\u00e9e apr\u00e8s ann\u00e9e, les petits qui grandissent, des parents devenus grands-parents qui emm\u00e8nent leurs petits-enfants. Le public est fid\u00e8le, et la transmission interg\u00e9n\u00e9rationnelle o\u00f9 chaque membre de la famille vit le spectacle selon sa propre lecture et partage son ressenti est toujours \u00e9mouvante.\u00a0\u00bb<\/p>\n<p>&nbsp;<\/p>\n<p>Et, cette ann\u00e9e, un nouveau d\u00e9fi est relev\u00e9 par l\u2019\u00e9quipe. \u00ab\u00a0Nous aimerions sensibiliser les associations en coh\u00e9sion sociale et pouvoir accueillir \u00e9galement des personnes porteuses d\u2019un handicap lors de spectacles \u00ab\u00a0relax\u00a0\u00bb. Notre souhait est d\u2019ouvrir \u00e0 tous les publics, de remettre de l\u2019inclusivit\u00e9 au c\u0153ur du processus cr\u00e9atif. La compagnie des Mutants, qui se produira \u00e0 Molenbeek, a ainsi con\u00e7u le spectacle \u00ab\u00a0Douce r\u00e9volution\u00a0\u00bb\u00a0: l\u2019accueil, l\u2019installation du public, le rythme du spectacle et les conditions de repr\u00e9sentation sont adapt\u00e9s \u00e0 tous les publics, m\u00eame ceux qui ordinairement ne se rendent pas au th\u00e9\u00e2tre, parce que parler, bouger, ou sortir de la salle si l\u2019on en ressent le besoin n\u2019y sont pas admis. Et surtout, nous pr\u00e9voyons une pr\u00e9paration en amont du spectacle avec les spectateurices, afin de ne pas d\u00e9stabiliser les personnes plus sensibles aux effets de surprise, par exemple.\u00a0\u00bb<\/p>\n<p>&nbsp;<\/p>\n<p>La CTEJ a aussi une mission de d\u00e9fense politique centr\u00e9e sur la d\u00e9fense du secteur et de ses sp\u00e9cificit\u00e9s. Virginie explique\u00a0: \u00ab\u00a0Il est essentiel que l\u2019enfant sorte de l\u2019\u00e9cole, vive une exp\u00e9rience collective dans un lieu culturel \u00e9quip\u00e9. Et il est tout aussi important de garantir la libert\u00e9 artistique des compagnies et d\u2019\u00eatre vigilant \u00e0 ne pas instrumentaliser la culture dans un but p\u00e9dagogique.\u00a0\u00bb<\/p>\n<p>&nbsp;<\/p>\n<p>Le travail des compagnies \u00ab\u00a0jeune public\u00a0\u00bb est visible sur le terrain et reconnu \u00e0 l\u2019\u00e9tranger. \u00ab\u00a0Nous avons une \u00ab\u00a0patte\u00a0\u00bb belge avec des compagnies qui se professionnalisent toujours davantage, qui multiplient les m\u00e9dias (musique, texte, danse) et o\u00f9 il n\u2019y a pas d\u2019autocensure. Les spectacles parlent de tous les sujets, m\u00eame les plus difficiles\u2026 cette libert\u00e9 artistique est essentielle.\u00a0\u00bb<\/p>\n<p>&nbsp;<\/p>\n<p>Au sein de l\u2019\u00e9quipe de la CTEJ, les ma\u00eetres mots sont respect, autonomie, responsabilit\u00e9 et intelligence collective. \u00ab\u00a0Nous sommes une petite \u00e9quipe avec \u00e9norm\u00e9ment de travail. C\u2019est parfois difficile de r\u00e9pondre aux multiples envies des 110 compagnies. \u00c7a peut \u00eatre frustrant mais les d\u00e9fis sont aussi stimulants\u00a0: nous nous effor\u00e7ons d\u2019accro\u00eetre la diffusion des spectacles car nous rencontrons une \u00e9norme demande des \u00e9coles, du public. A Ixelles, nous sommes connect\u00e9s avec le r\u00e9seau et soutenu par la commune.\u00a0\u00bb<\/p>\n<p>&nbsp;<\/p>\n<p>Rendez-vous \u00e0 \u00ab\u00a0No\u00ebl au Th\u00e9\u00e2tre\u00a0\u00bb, notamment au Th\u00e9\u00e2tre Mercelis et au Rideau de Bruxelles, pour vivre de folles aventures o\u00f9 les enfants sont reines et rois.<\/p>\n<p>&nbsp;<\/p>\n<p>Plus d\u2019infos\u00a0: <a href=\"http:\/\/www.ctej.be\">www.ctej.be<\/a><\/p>\n","protected":false},"excerpt":{"rendered":"<p>Une maison avenue de l\u2019Hippodrome juste en face d\u2019un glacier. Au rez-de-chauss\u00e9e, se niche la CTEJ, la Chambre des Th\u00e9\u00e2tres pour l\u2019Enfance et la Jeunesse. C\u2019est Jennifer, charg\u00e9e de communication, accompagn\u00e9e du chat Fafa, qui m\u2019accueille. Trois pi\u00e8ces en enfilade, un jardin pour les beaux jours et une douce odeur de caf\u00e9 dans l\u2019air. Rencontre [&hellip;]<\/p>\n","protected":false},"author":25,"featured_media":0,"comment_status":"closed","ping_status":"closed","sticky":false,"template":"","format":"standard","meta":{"_acf_changed":false,"_monsterinsights_skip_tracking":false,"_monsterinsights_sitenote_active":false,"_monsterinsights_sitenote_note":"","_monsterinsights_sitenote_category":0,"footnotes":""},"categories":[88,87],"tags":[],"acf":[],"yoast_head":"<!-- This site is optimized with the Yoast SEO plugin v24.5 - https:\/\/yoast.com\/wordpress\/plugins\/seo\/ -->\n<title>La CTEJ, au c\u0153ur du th\u00e9\u00e2tre \u00ab jeune public \u00bb - Ixelles<\/title>\n<meta name=\"robots\" content=\"index, follow, max-snippet:-1, max-image-preview:large, max-video-preview:-1\" \/>\n<link rel=\"canonical\" href=\"https:\/\/culture.ixelles.be\/fr\/la-ctej-au-coeur-du-theatre-jeune-public\/\" \/>\n<meta property=\"og:locale\" content=\"fr_FR\" \/>\n<meta property=\"og:type\" content=\"article\" \/>\n<meta property=\"og:title\" content=\"La CTEJ, au c\u0153ur du th\u00e9\u00e2tre \u00ab jeune public \u00bb - Ixelles\" \/>\n<meta property=\"og:description\" content=\"Une maison avenue de l\u2019Hippodrome juste en face d\u2019un glacier. Au rez-de-chauss\u00e9e, se niche la CTEJ, la Chambre des Th\u00e9\u00e2tres pour l\u2019Enfance et la Jeunesse. C\u2019est Jennifer, charg\u00e9e de communication, accompagn\u00e9e du chat Fafa, qui m\u2019accueille. Trois pi\u00e8ces en enfilade, un jardin pour les beaux jours et une douce odeur de caf\u00e9 dans l\u2019air. Rencontre [&hellip;]\" \/>\n<meta property=\"og:url\" content=\"https:\/\/culture.ixelles.be\/fr\/la-ctej-au-coeur-du-theatre-jeune-public\/\" \/>\n<meta property=\"og:site_name\" content=\"Ixelles\" \/>\n<meta property=\"article:published_time\" content=\"2024-12-16T14:23:24+00:00\" \/>\n<meta property=\"article:modified_time\" content=\"2024-12-16T14:33:41+00:00\" \/>\n<meta name=\"author\" content=\"Frederique Van Brussel\" \/>\n<meta name=\"twitter:card\" content=\"summary_large_image\" \/>\n<meta name=\"twitter:label1\" content=\"\u00c9crit par\" \/>\n\t<meta name=\"twitter:data1\" content=\"Frederique Van Brussel\" \/>\n\t<meta name=\"twitter:label2\" content=\"Dur\u00e9e de lecture estim\u00e9e\" \/>\n\t<meta name=\"twitter:data2\" content=\"4 minutes\" \/>\n<script type=\"application\/ld+json\" class=\"yoast-schema-graph\">{\"@context\":\"https:\/\/schema.org\",\"@graph\":[{\"@type\":\"Article\",\"@id\":\"https:\/\/culture.ixelles.be\/fr\/la-ctej-au-coeur-du-theatre-jeune-public\/#article\",\"isPartOf\":{\"@id\":\"https:\/\/culture.ixelles.be\/fr\/la-ctej-au-coeur-du-theatre-jeune-public\/\"},\"author\":{\"name\":\"Frederique Van Brussel\",\"@id\":\"https:\/\/culture.ixelles.be\/fr\/#\/schema\/person\/5b7f63921acef28fe97790ba45a3ea43\"},\"headline\":\"La CTEJ, au c\u0153ur du th\u00e9\u00e2tre \u00ab jeune public \u00bb\",\"datePublished\":\"2024-12-16T14:23:24+00:00\",\"dateModified\":\"2024-12-16T14:33:41+00:00\",\"mainEntityOfPage\":{\"@id\":\"https:\/\/culture.ixelles.be\/fr\/la-ctej-au-coeur-du-theatre-jeune-public\/\"},\"wordCount\":823,\"publisher\":{\"@id\":\"https:\/\/culture.ixelles.be\/fr\/#organization\"},\"articleSection\":[\"Ev\u00e9nements\",\"Portraits\"],\"inLanguage\":\"fr-FR\"},{\"@type\":\"WebPage\",\"@id\":\"https:\/\/culture.ixelles.be\/fr\/la-ctej-au-coeur-du-theatre-jeune-public\/\",\"url\":\"https:\/\/culture.ixelles.be\/fr\/la-ctej-au-coeur-du-theatre-jeune-public\/\",\"name\":\"La CTEJ, au c\u0153ur du th\u00e9\u00e2tre \u00ab jeune public \u00bb - Ixelles\",\"isPartOf\":{\"@id\":\"https:\/\/culture.ixelles.be\/fr\/#website\"},\"datePublished\":\"2024-12-16T14:23:24+00:00\",\"dateModified\":\"2024-12-16T14:33:41+00:00\",\"breadcrumb\":{\"@id\":\"https:\/\/culture.ixelles.be\/fr\/la-ctej-au-coeur-du-theatre-jeune-public\/#breadcrumb\"},\"inLanguage\":\"fr-FR\",\"potentialAction\":[{\"@type\":\"ReadAction\",\"target\":[\"https:\/\/culture.ixelles.be\/fr\/la-ctej-au-coeur-du-theatre-jeune-public\/\"]}]},{\"@type\":\"BreadcrumbList\",\"@id\":\"https:\/\/culture.ixelles.be\/fr\/la-ctej-au-coeur-du-theatre-jeune-public\/#breadcrumb\",\"itemListElement\":[{\"@type\":\"ListItem\",\"position\":1,\"name\":\"Accueil\",\"item\":\"https:\/\/culture.ixelles.be\/fr\/\"},{\"@type\":\"ListItem\",\"position\":2,\"name\":\"La CTEJ, au c\u0153ur du th\u00e9\u00e2tre \u00ab jeune public \u00bb\"}]},{\"@type\":\"WebSite\",\"@id\":\"https:\/\/culture.ixelles.be\/fr\/#website\",\"url\":\"https:\/\/culture.ixelles.be\/fr\/\",\"name\":\"Ixelles\",\"description\":\"\",\"publisher\":{\"@id\":\"https:\/\/culture.ixelles.be\/fr\/#organization\"},\"potentialAction\":[{\"@type\":\"SearchAction\",\"target\":{\"@type\":\"EntryPoint\",\"urlTemplate\":\"https:\/\/culture.ixelles.be\/fr\/?s={search_term_string}\"},\"query-input\":{\"@type\":\"PropertyValueSpecification\",\"valueRequired\":true,\"valueName\":\"search_term_string\"}}],\"inLanguage\":\"fr-FR\"},{\"@type\":\"Organization\",\"@id\":\"https:\/\/culture.ixelles.be\/fr\/#organization\",\"name\":\"Service culture Ixelles\",\"url\":\"https:\/\/culture.ixelles.be\/fr\/\",\"logo\":{\"@type\":\"ImageObject\",\"inLanguage\":\"fr-FR\",\"@id\":\"https:\/\/culture.ixelles.be\/fr\/#\/schema\/logo\/image\/\",\"url\":\"https:\/\/culture.ixelles.be\/wp-content\/uploads\/2021\/05\/ixelles_green.svg\",\"contentUrl\":\"https:\/\/culture.ixelles.be\/wp-content\/uploads\/2021\/05\/ixelles_green.svg\",\"width\":1,\"height\":1,\"caption\":\"Service culture Ixelles\"},\"image\":{\"@id\":\"https:\/\/culture.ixelles.be\/fr\/#\/schema\/logo\/image\/\"}},{\"@type\":\"Person\",\"@id\":\"https:\/\/culture.ixelles.be\/fr\/#\/schema\/person\/5b7f63921acef28fe97790ba45a3ea43\",\"name\":\"Frederique Van Brussel\",\"url\":\"https:\/\/culture.ixelles.be\/fr\/author\/fvanbrussel\/\"}]}<\/script>\n<!-- \/ Yoast SEO plugin. -->","yoast_head_json":{"title":"La CTEJ, au c\u0153ur du th\u00e9\u00e2tre \u00ab jeune public \u00bb - Ixelles","robots":{"index":"index","follow":"follow","max-snippet":"max-snippet:-1","max-image-preview":"max-image-preview:large","max-video-preview":"max-video-preview:-1"},"canonical":"https:\/\/culture.ixelles.be\/fr\/la-ctej-au-coeur-du-theatre-jeune-public\/","og_locale":"fr_FR","og_type":"article","og_title":"La CTEJ, au c\u0153ur du th\u00e9\u00e2tre \u00ab jeune public \u00bb - Ixelles","og_description":"Une maison avenue de l\u2019Hippodrome juste en face d\u2019un glacier. Au rez-de-chauss\u00e9e, se niche la CTEJ, la Chambre des Th\u00e9\u00e2tres pour l\u2019Enfance et la Jeunesse. C\u2019est Jennifer, charg\u00e9e de communication, accompagn\u00e9e du chat Fafa, qui m\u2019accueille. Trois pi\u00e8ces en enfilade, un jardin pour les beaux jours et une douce odeur de caf\u00e9 dans l\u2019air. Rencontre [&hellip;]","og_url":"https:\/\/culture.ixelles.be\/fr\/la-ctej-au-coeur-du-theatre-jeune-public\/","og_site_name":"Ixelles","article_published_time":"2024-12-16T14:23:24+00:00","article_modified_time":"2024-12-16T14:33:41+00:00","author":"Frederique Van Brussel","twitter_card":"summary_large_image","twitter_misc":{"\u00c9crit par":"Frederique Van Brussel","Dur\u00e9e de lecture estim\u00e9e":"4 minutes"},"schema":{"@context":"https:\/\/schema.org","@graph":[{"@type":"Article","@id":"https:\/\/culture.ixelles.be\/fr\/la-ctej-au-coeur-du-theatre-jeune-public\/#article","isPartOf":{"@id":"https:\/\/culture.ixelles.be\/fr\/la-ctej-au-coeur-du-theatre-jeune-public\/"},"author":{"name":"Frederique Van Brussel","@id":"https:\/\/culture.ixelles.be\/fr\/#\/schema\/person\/5b7f63921acef28fe97790ba45a3ea43"},"headline":"La CTEJ, au c\u0153ur du th\u00e9\u00e2tre \u00ab jeune public \u00bb","datePublished":"2024-12-16T14:23:24+00:00","dateModified":"2024-12-16T14:33:41+00:00","mainEntityOfPage":{"@id":"https:\/\/culture.ixelles.be\/fr\/la-ctej-au-coeur-du-theatre-jeune-public\/"},"wordCount":823,"publisher":{"@id":"https:\/\/culture.ixelles.be\/fr\/#organization"},"articleSection":["Ev\u00e9nements","Portraits"],"inLanguage":"fr-FR"},{"@type":"WebPage","@id":"https:\/\/culture.ixelles.be\/fr\/la-ctej-au-coeur-du-theatre-jeune-public\/","url":"https:\/\/culture.ixelles.be\/fr\/la-ctej-au-coeur-du-theatre-jeune-public\/","name":"La CTEJ, au c\u0153ur du th\u00e9\u00e2tre \u00ab jeune public \u00bb - Ixelles","isPartOf":{"@id":"https:\/\/culture.ixelles.be\/fr\/#website"},"datePublished":"2024-12-16T14:23:24+00:00","dateModified":"2024-12-16T14:33:41+00:00","breadcrumb":{"@id":"https:\/\/culture.ixelles.be\/fr\/la-ctej-au-coeur-du-theatre-jeune-public\/#breadcrumb"},"inLanguage":"fr-FR","potentialAction":[{"@type":"ReadAction","target":["https:\/\/culture.ixelles.be\/fr\/la-ctej-au-coeur-du-theatre-jeune-public\/"]}]},{"@type":"BreadcrumbList","@id":"https:\/\/culture.ixelles.be\/fr\/la-ctej-au-coeur-du-theatre-jeune-public\/#breadcrumb","itemListElement":[{"@type":"ListItem","position":1,"name":"Accueil","item":"https:\/\/culture.ixelles.be\/fr\/"},{"@type":"ListItem","position":2,"name":"La CTEJ, au c\u0153ur du th\u00e9\u00e2tre \u00ab jeune public \u00bb"}]},{"@type":"WebSite","@id":"https:\/\/culture.ixelles.be\/fr\/#website","url":"https:\/\/culture.ixelles.be\/fr\/","name":"Ixelles","description":"","publisher":{"@id":"https:\/\/culture.ixelles.be\/fr\/#organization"},"potentialAction":[{"@type":"SearchAction","target":{"@type":"EntryPoint","urlTemplate":"https:\/\/culture.ixelles.be\/fr\/?s={search_term_string}"},"query-input":{"@type":"PropertyValueSpecification","valueRequired":true,"valueName":"search_term_string"}}],"inLanguage":"fr-FR"},{"@type":"Organization","@id":"https:\/\/culture.ixelles.be\/fr\/#organization","name":"Service culture Ixelles","url":"https:\/\/culture.ixelles.be\/fr\/","logo":{"@type":"ImageObject","inLanguage":"fr-FR","@id":"https:\/\/culture.ixelles.be\/fr\/#\/schema\/logo\/image\/","url":"https:\/\/culture.ixelles.be\/wp-content\/uploads\/2021\/05\/ixelles_green.svg","contentUrl":"https:\/\/culture.ixelles.be\/wp-content\/uploads\/2021\/05\/ixelles_green.svg","width":1,"height":1,"caption":"Service culture Ixelles"},"image":{"@id":"https:\/\/culture.ixelles.be\/fr\/#\/schema\/logo\/image\/"}},{"@type":"Person","@id":"https:\/\/culture.ixelles.be\/fr\/#\/schema\/person\/5b7f63921acef28fe97790ba45a3ea43","name":"Frederique Van Brussel","url":"https:\/\/culture.ixelles.be\/fr\/author\/fvanbrussel\/"}]}},"jetpack_featured_media_url":"","_links":{"self":[{"href":"https:\/\/culture.ixelles.be\/fr\/wp-json\/wp\/v2\/posts\/1636671"}],"collection":[{"href":"https:\/\/culture.ixelles.be\/fr\/wp-json\/wp\/v2\/posts"}],"about":[{"href":"https:\/\/culture.ixelles.be\/fr\/wp-json\/wp\/v2\/types\/post"}],"author":[{"embeddable":true,"href":"https:\/\/culture.ixelles.be\/fr\/wp-json\/wp\/v2\/users\/25"}],"replies":[{"embeddable":true,"href":"https:\/\/culture.ixelles.be\/fr\/wp-json\/wp\/v2\/comments?post=1636671"}],"version-history":[{"count":2,"href":"https:\/\/culture.ixelles.be\/fr\/wp-json\/wp\/v2\/posts\/1636671\/revisions"}],"predecessor-version":[{"id":1636682,"href":"https:\/\/culture.ixelles.be\/fr\/wp-json\/wp\/v2\/posts\/1636671\/revisions\/1636682"}],"wp:attachment":[{"href":"https:\/\/culture.ixelles.be\/fr\/wp-json\/wp\/v2\/media?parent=1636671"}],"wp:term":[{"taxonomy":"category","embeddable":true,"href":"https:\/\/culture.ixelles.be\/fr\/wp-json\/wp\/v2\/categories?post=1636671"},{"taxonomy":"post_tag","embeddable":true,"href":"https:\/\/culture.ixelles.be\/fr\/wp-json\/wp\/v2\/tags?post=1636671"}],"curies":[{"name":"wp","href":"https:\/\/api.w.org\/{rel}","templated":true}]}}