{"id":1678053,"date":"2025-03-25T07:48:23","date_gmt":"2025-03-25T07:48:23","guid":{"rendered":"https:\/\/culture.ixelles.be\/?p=1678053"},"modified":"2025-03-25T07:56:57","modified_gmt":"2025-03-25T07:56:57","slug":"activites-culturels-dans-nos-salles-04-25-06-25","status":"publish","type":"post","link":"https:\/\/culture.ixelles.be\/fr\/activites-culturels-dans-nos-salles-04-25-06-25\/","title":{"rendered":"Activit\u00e9s culturels dans nos salles 04.25-06.25"},"content":{"rendered":"<div class=\"wpb-content-wrapper\"><div style=\"margin-top: 0px; margin-bottom: 0px;\" class=\"sharethis-inline-share-buttons\" ><\/div><p>[vc_row][vc_column][vc_column_text css=\u00a0\u00bb\u00a0\u00bb]Vous trouvez ici notre d\u00e9pliant avec tous nos activit\u00e9s culturels pour la p\u00e9riode d&rsquo;avril jusqu&rsquo;\u00e0 juin.<\/p>\n<p>Si vous souhaitez \u00eatre inform\u00e9 des activit\u00e9s mensuelles, vous pouvez vous inscrire \u00e0 la newsletter.[\/vc_column_text][\/vc_column][\/vc_row][vc_row][vc_column width=\u00a0\u00bb1\/2&Prime;][vc_btn title=\u00a0\u00bbD\u00e9pliant\u00a0\u00bb color=\u00a0\u00bbinfo\u00a0\u00bb css=\u00a0\u00bb\u00a0\u00bb link=\u00a0\u00bburl:https%3A%2F%2Fculture.ixelles.be%2Fwp-content%2Fuploads%2F2025%2F03%2F5627-depliant-visuel.pdf|target:_blank\u00a0\u00bb][\/vc_column][vc_column width=\u00a0\u00bb1\/2&Prime;][vc_btn title=\u00a0\u00bbNewsletter\u00a0\u00bb color=\u00a0\u00bbinfo\u00a0\u00bb css=\u00a0\u00bb\u00a0\u00bb link=\u00a0\u00bburl:https%3A%2F%2Fa5287a3d.sibforms.com%2Fserve%2FMUIFAFny9DZdQFxpechl57hOzwHgpnoivV5LRVAx9asis7xxifEBdEKmjOpgi9Cfqau_HxAZCAqGtnIcqownme07k0071B2D64Lkp3Y7yka1Iz-98N2Nx7sQCXpprIKAOIFds-ZHtVdtkxkOq6kOr7cVY2O9XVHagN3X-NyWYZx2GIztgmfWJuxRNCIpwELXorh8pqnEuV5B0Qf2|title:newsletter\u00a0\u00bb][\/vc_column][\/vc_row]<\/p>\n<\/div>","protected":false},"excerpt":{"rendered":"<p>[vc_row][vc_column][vc_column_text css=\u00a0\u00bb\u00a0\u00bb]Vous trouvez ici notre d\u00e9pliant avec tous nos activit\u00e9s culturels pour la p\u00e9riode d&rsquo;avril jusqu&rsquo;\u00e0 juin. Si vous souhaitez \u00eatre inform\u00e9 des activit\u00e9s mensuelles, vous pouvez vous inscrire \u00e0 la newsletter.[\/vc_column_text][\/vc_column][\/vc_row][vc_row][vc_column width=\u00a0\u00bb1\/2&Prime;][vc_btn title=\u00a0\u00bbD\u00e9pliant\u00a0\u00bb color=\u00a0\u00bbinfo\u00a0\u00bb css=\u00a0\u00bb\u00a0\u00bb link=\u00a0\u00bburl:https%3A%2F%2Fculture.ixelles.be%2Fwp-content%2Fuploads%2F2025%2F03%2F5627-depliant-visuel.pdf|target:_blank\u00a0\u00bb][\/vc_column][vc_column width=\u00a0\u00bb1\/2&Prime;][vc_btn title=\u00a0\u00bbNewsletter\u00a0\u00bb color=\u00a0\u00bbinfo\u00a0\u00bb css=\u00a0\u00bb\u00a0\u00bb link=\u00a0\u00bburl:https%3A%2F%2Fa5287a3d.sibforms.com%2Fserve%2FMUIFAFny9DZdQFxpechl57hOzwHgpnoivV5LRVAx9asis7xxifEBdEKmjOpgi9Cfqau_HxAZCAqGtnIcqownme07k0071B2D64Lkp3Y7yka1Iz-98N2Nx7sQCXpprIKAOIFds-ZHtVdtkxkOq6kOr7cVY2O9XVHagN3X-NyWYZx2GIztgmfWJuxRNCIpwELXorh8pqnEuV5B0Qf2|title:newsletter\u00a0\u00bb][\/vc_column][\/vc_row]<\/p>\n","protected":false},"author":25,"featured_media":0,"comment_status":"closed","ping_status":"closed","sticky":false,"template":"","format":"standard","meta":{"_acf_changed":false,"_monsterinsights_skip_tracking":false,"_monsterinsights_sitenote_active":false,"_monsterinsights_sitenote_note":"","_monsterinsights_sitenote_category":0,"footnotes":""},"categories":[83,95,88],"tags":[],"acf":[],"yoast_head":"<!-- This site is optimized with the Yoast SEO plugin v24.5 - https:\/\/yoast.com\/wordpress\/plugins\/seo\/ -->\n<title>Activit\u00e9s culturels dans nos salles 04.25-06.25 - Ixelles<\/title>\n<meta name=\"robots\" content=\"index, follow, max-snippet:-1, max-image-preview:large, max-video-preview:-1\" \/>\n<link rel=\"canonical\" href=\"https:\/\/culture.ixelles.be\/fr\/activites-culturels-dans-nos-salles-04-25-06-25\/\" \/>\n<meta property=\"og:locale\" content=\"fr_FR\" \/>\n<meta property=\"og:type\" content=\"article\" \/>\n<meta property=\"og:title\" content=\"Activit\u00e9s culturels dans nos salles 04.25-06.25 - Ixelles\" \/>\n<meta property=\"og:description\" content=\"[vc_row][vc_column][vc_column_text css=\u00a0\u00bb\u00a0\u00bb]Vous trouvez ici notre d\u00e9pliant avec tous nos activit\u00e9s culturels pour la p\u00e9riode d&rsquo;avril jusqu&rsquo;\u00e0 juin. Si vous souhaitez \u00eatre inform\u00e9 des activit\u00e9s mensuelles, vous pouvez vous inscrire \u00e0 la newsletter.[\/vc_column_text][\/vc_column][\/vc_row][vc_row][vc_column width=\u00a0\u00bb1\/2&Prime;][vc_btn title=\u00a0\u00bbD\u00e9pliant\u00a0\u00bb color=\u00a0\u00bbinfo\u00a0\u00bb css=\u00a0\u00bb\u00a0\u00bb link=\u00a0\u00bburl:https%3A%2F%2Fculture.ixelles.be%2Fwp-content%2Fuploads%2F2025%2F03%2F5627-depliant-visuel.pdf|target:_blank\u00a0\u00bb][\/vc_column][vc_column width=\u00a0\u00bb1\/2&Prime;][vc_btn title=\u00a0\u00bbNewsletter\u00a0\u00bb color=\u00a0\u00bbinfo\u00a0\u00bb css=\u00a0\u00bb\u00a0\u00bb link=\u00a0\u00bburl:https%3A%2F%2Fa5287a3d.sibforms.com%2Fserve%2FMUIFAFny9DZdQFxpechl57hOzwHgpnoivV5LRVAx9asis7xxifEBdEKmjOpgi9Cfqau_HxAZCAqGtnIcqownme07k0071B2D64Lkp3Y7yka1Iz-98N2Nx7sQCXpprIKAOIFds-ZHtVdtkxkOq6kOr7cVY2O9XVHagN3X-NyWYZx2GIztgmfWJuxRNCIpwELXorh8pqnEuV5B0Qf2|title:newsletter\u00a0\u00bb][\/vc_column][\/vc_row]\" \/>\n<meta property=\"og:url\" content=\"https:\/\/culture.ixelles.be\/fr\/activites-culturels-dans-nos-salles-04-25-06-25\/\" \/>\n<meta property=\"og:site_name\" content=\"Ixelles\" \/>\n<meta property=\"article:published_time\" content=\"2025-03-25T07:48:23+00:00\" \/>\n<meta property=\"article:modified_time\" content=\"2025-03-25T07:56:57+00:00\" \/>\n<meta name=\"author\" content=\"Frederique Van Brussel\" \/>\n<meta name=\"twitter:card\" content=\"summary_large_image\" \/>\n<meta name=\"twitter:label1\" content=\"\u00c9crit par\" \/>\n\t<meta name=\"twitter:data1\" content=\"Frederique Van Brussel\" \/>\n\t<meta name=\"twitter:label2\" content=\"Dur\u00e9e de lecture estim\u00e9e\" \/>\n\t<meta name=\"twitter:data2\" content=\"1 minute\" \/>\n<script type=\"application\/ld+json\" class=\"yoast-schema-graph\">{\"@context\":\"https:\/\/schema.org\",\"@graph\":[{\"@type\":\"Article\",\"@id\":\"https:\/\/culture.ixelles.be\/fr\/activites-culturels-dans-nos-salles-04-25-06-25\/#article\",\"isPartOf\":{\"@id\":\"https:\/\/culture.ixelles.be\/fr\/activites-culturels-dans-nos-salles-04-25-06-25\/\"},\"author\":{\"name\":\"Frederique Van Brussel\",\"@id\":\"https:\/\/culture.ixelles.be\/fr\/#\/schema\/person\/5b7f63921acef28fe97790ba45a3ea43\"},\"headline\":\"Activit\u00e9s culturels dans nos salles 04.25-06.25\",\"datePublished\":\"2025-03-25T07:48:23+00:00\",\"dateModified\":\"2025-03-25T07:56:57+00:00\",\"mainEntityOfPage\":{\"@id\":\"https:\/\/culture.ixelles.be\/fr\/activites-culturels-dans-nos-salles-04-25-06-25\/\"},\"wordCount\":142,\"publisher\":{\"@id\":\"https:\/\/culture.ixelles.be\/fr\/#organization\"},\"articleSection\":[\"A la une\",\"Article mis en avant\",\"Ev\u00e9nements\"],\"inLanguage\":\"fr-FR\"},{\"@type\":\"WebPage\",\"@id\":\"https:\/\/culture.ixelles.be\/fr\/activites-culturels-dans-nos-salles-04-25-06-25\/\",\"url\":\"https:\/\/culture.ixelles.be\/fr\/activites-culturels-dans-nos-salles-04-25-06-25\/\",\"name\":\"Activit\u00e9s culturels dans nos salles 04.25-06.25 - Ixelles\",\"isPartOf\":{\"@id\":\"https:\/\/culture.ixelles.be\/fr\/#website\"},\"datePublished\":\"2025-03-25T07:48:23+00:00\",\"dateModified\":\"2025-03-25T07:56:57+00:00\",\"breadcrumb\":{\"@id\":\"https:\/\/culture.ixelles.be\/fr\/activites-culturels-dans-nos-salles-04-25-06-25\/#breadcrumb\"},\"inLanguage\":\"fr-FR\",\"potentialAction\":[{\"@type\":\"ReadAction\",\"target\":[\"https:\/\/culture.ixelles.be\/fr\/activites-culturels-dans-nos-salles-04-25-06-25\/\"]}]},{\"@type\":\"BreadcrumbList\",\"@id\":\"https:\/\/culture.ixelles.be\/fr\/activites-culturels-dans-nos-salles-04-25-06-25\/#breadcrumb\",\"itemListElement\":[{\"@type\":\"ListItem\",\"position\":1,\"name\":\"Accueil\",\"item\":\"https:\/\/culture.ixelles.be\/fr\/\"},{\"@type\":\"ListItem\",\"position\":2,\"name\":\"Activit\u00e9s culturels dans nos salles 04.25-06.25\"}]},{\"@type\":\"WebSite\",\"@id\":\"https:\/\/culture.ixelles.be\/fr\/#website\",\"url\":\"https:\/\/culture.ixelles.be\/fr\/\",\"name\":\"Ixelles\",\"description\":\"\",\"publisher\":{\"@id\":\"https:\/\/culture.ixelles.be\/fr\/#organization\"},\"potentialAction\":[{\"@type\":\"SearchAction\",\"target\":{\"@type\":\"EntryPoint\",\"urlTemplate\":\"https:\/\/culture.ixelles.be\/fr\/?s={search_term_string}\"},\"query-input\":{\"@type\":\"PropertyValueSpecification\",\"valueRequired\":true,\"valueName\":\"search_term_string\"}}],\"inLanguage\":\"fr-FR\"},{\"@type\":\"Organization\",\"@id\":\"https:\/\/culture.ixelles.be\/fr\/#organization\",\"name\":\"Service culture Ixelles\",\"url\":\"https:\/\/culture.ixelles.be\/fr\/\",\"logo\":{\"@type\":\"ImageObject\",\"inLanguage\":\"fr-FR\",\"@id\":\"https:\/\/culture.ixelles.be\/fr\/#\/schema\/logo\/image\/\",\"url\":\"https:\/\/culture.ixelles.be\/wp-content\/uploads\/2021\/05\/ixelles_green.svg\",\"contentUrl\":\"https:\/\/culture.ixelles.be\/wp-content\/uploads\/2021\/05\/ixelles_green.svg\",\"width\":1,\"height\":1,\"caption\":\"Service culture Ixelles\"},\"image\":{\"@id\":\"https:\/\/culture.ixelles.be\/fr\/#\/schema\/logo\/image\/\"}},{\"@type\":\"Person\",\"@id\":\"https:\/\/culture.ixelles.be\/fr\/#\/schema\/person\/5b7f63921acef28fe97790ba45a3ea43\",\"name\":\"Frederique Van Brussel\",\"url\":\"https:\/\/culture.ixelles.be\/fr\/author\/fvanbrussel\/\"}]}<\/script>\n<!-- \/ Yoast SEO plugin. -->","yoast_head_json":{"title":"Activit\u00e9s culturels dans nos salles 04.25-06.25 - Ixelles","robots":{"index":"index","follow":"follow","max-snippet":"max-snippet:-1","max-image-preview":"max-image-preview:large","max-video-preview":"max-video-preview:-1"},"canonical":"https:\/\/culture.ixelles.be\/fr\/activites-culturels-dans-nos-salles-04-25-06-25\/","og_locale":"fr_FR","og_type":"article","og_title":"Activit\u00e9s culturels dans nos salles 04.25-06.25 - Ixelles","og_description":"[vc_row][vc_column][vc_column_text css=\u00a0\u00bb\u00a0\u00bb]Vous trouvez ici notre d\u00e9pliant avec tous nos activit\u00e9s culturels pour la p\u00e9riode d&rsquo;avril jusqu&rsquo;\u00e0 juin. Si vous souhaitez \u00eatre inform\u00e9 des activit\u00e9s mensuelles, vous pouvez vous inscrire \u00e0 la newsletter.[\/vc_column_text][\/vc_column][\/vc_row][vc_row][vc_column width=\u00a0\u00bb1\/2&Prime;][vc_btn title=\u00a0\u00bbD\u00e9pliant\u00a0\u00bb color=\u00a0\u00bbinfo\u00a0\u00bb css=\u00a0\u00bb\u00a0\u00bb link=\u00a0\u00bburl:https%3A%2F%2Fculture.ixelles.be%2Fwp-content%2Fuploads%2F2025%2F03%2F5627-depliant-visuel.pdf|target:_blank\u00a0\u00bb][\/vc_column][vc_column width=\u00a0\u00bb1\/2&Prime;][vc_btn title=\u00a0\u00bbNewsletter\u00a0\u00bb color=\u00a0\u00bbinfo\u00a0\u00bb css=\u00a0\u00bb\u00a0\u00bb link=\u00a0\u00bburl:https%3A%2F%2Fa5287a3d.sibforms.com%2Fserve%2FMUIFAFny9DZdQFxpechl57hOzwHgpnoivV5LRVAx9asis7xxifEBdEKmjOpgi9Cfqau_HxAZCAqGtnIcqownme07k0071B2D64Lkp3Y7yka1Iz-98N2Nx7sQCXpprIKAOIFds-ZHtVdtkxkOq6kOr7cVY2O9XVHagN3X-NyWYZx2GIztgmfWJuxRNCIpwELXorh8pqnEuV5B0Qf2|title:newsletter\u00a0\u00bb][\/vc_column][\/vc_row]","og_url":"https:\/\/culture.ixelles.be\/fr\/activites-culturels-dans-nos-salles-04-25-06-25\/","og_site_name":"Ixelles","article_published_time":"2025-03-25T07:48:23+00:00","article_modified_time":"2025-03-25T07:56:57+00:00","author":"Frederique Van Brussel","twitter_card":"summary_large_image","twitter_misc":{"\u00c9crit par":"Frederique Van Brussel","Dur\u00e9e de lecture estim\u00e9e":"1 minute"},"schema":{"@context":"https:\/\/schema.org","@graph":[{"@type":"Article","@id":"https:\/\/culture.ixelles.be\/fr\/activites-culturels-dans-nos-salles-04-25-06-25\/#article","isPartOf":{"@id":"https:\/\/culture.ixelles.be\/fr\/activites-culturels-dans-nos-salles-04-25-06-25\/"},"author":{"name":"Frederique Van Brussel","@id":"https:\/\/culture.ixelles.be\/fr\/#\/schema\/person\/5b7f63921acef28fe97790ba45a3ea43"},"headline":"Activit\u00e9s culturels dans nos salles 04.25-06.25","datePublished":"2025-03-25T07:48:23+00:00","dateModified":"2025-03-25T07:56:57+00:00","mainEntityOfPage":{"@id":"https:\/\/culture.ixelles.be\/fr\/activites-culturels-dans-nos-salles-04-25-06-25\/"},"wordCount":142,"publisher":{"@id":"https:\/\/culture.ixelles.be\/fr\/#organization"},"articleSection":["A la une","Article mis en avant","Ev\u00e9nements"],"inLanguage":"fr-FR"},{"@type":"WebPage","@id":"https:\/\/culture.ixelles.be\/fr\/activites-culturels-dans-nos-salles-04-25-06-25\/","url":"https:\/\/culture.ixelles.be\/fr\/activites-culturels-dans-nos-salles-04-25-06-25\/","name":"Activit\u00e9s culturels dans nos salles 04.25-06.25 - Ixelles","isPartOf":{"@id":"https:\/\/culture.ixelles.be\/fr\/#website"},"datePublished":"2025-03-25T07:48:23+00:00","dateModified":"2025-03-25T07:56:57+00:00","breadcrumb":{"@id":"https:\/\/culture.ixelles.be\/fr\/activites-culturels-dans-nos-salles-04-25-06-25\/#breadcrumb"},"inLanguage":"fr-FR","potentialAction":[{"@type":"ReadAction","target":["https:\/\/culture.ixelles.be\/fr\/activites-culturels-dans-nos-salles-04-25-06-25\/"]}]},{"@type":"BreadcrumbList","@id":"https:\/\/culture.ixelles.be\/fr\/activites-culturels-dans-nos-salles-04-25-06-25\/#breadcrumb","itemListElement":[{"@type":"ListItem","position":1,"name":"Accueil","item":"https:\/\/culture.ixelles.be\/fr\/"},{"@type":"ListItem","position":2,"name":"Activit\u00e9s culturels dans nos salles 04.25-06.25"}]},{"@type":"WebSite","@id":"https:\/\/culture.ixelles.be\/fr\/#website","url":"https:\/\/culture.ixelles.be\/fr\/","name":"Ixelles","description":"","publisher":{"@id":"https:\/\/culture.ixelles.be\/fr\/#organization"},"potentialAction":[{"@type":"SearchAction","target":{"@type":"EntryPoint","urlTemplate":"https:\/\/culture.ixelles.be\/fr\/?s={search_term_string}"},"query-input":{"@type":"PropertyValueSpecification","valueRequired":true,"valueName":"search_term_string"}}],"inLanguage":"fr-FR"},{"@type":"Organization","@id":"https:\/\/culture.ixelles.be\/fr\/#organization","name":"Service culture Ixelles","url":"https:\/\/culture.ixelles.be\/fr\/","logo":{"@type":"ImageObject","inLanguage":"fr-FR","@id":"https:\/\/culture.ixelles.be\/fr\/#\/schema\/logo\/image\/","url":"https:\/\/culture.ixelles.be\/wp-content\/uploads\/2021\/05\/ixelles_green.svg","contentUrl":"https:\/\/culture.ixelles.be\/wp-content\/uploads\/2021\/05\/ixelles_green.svg","width":1,"height":1,"caption":"Service culture Ixelles"},"image":{"@id":"https:\/\/culture.ixelles.be\/fr\/#\/schema\/logo\/image\/"}},{"@type":"Person","@id":"https:\/\/culture.ixelles.be\/fr\/#\/schema\/person\/5b7f63921acef28fe97790ba45a3ea43","name":"Frederique Van Brussel","url":"https:\/\/culture.ixelles.be\/fr\/author\/fvanbrussel\/"}]}},"jetpack_featured_media_url":"","_links":{"self":[{"href":"https:\/\/culture.ixelles.be\/fr\/wp-json\/wp\/v2\/posts\/1678053"}],"collection":[{"href":"https:\/\/culture.ixelles.be\/fr\/wp-json\/wp\/v2\/posts"}],"about":[{"href":"https:\/\/culture.ixelles.be\/fr\/wp-json\/wp\/v2\/types\/post"}],"author":[{"embeddable":true,"href":"https:\/\/culture.ixelles.be\/fr\/wp-json\/wp\/v2\/users\/25"}],"replies":[{"embeddable":true,"href":"https:\/\/culture.ixelles.be\/fr\/wp-json\/wp\/v2\/comments?post=1678053"}],"version-history":[{"count":4,"href":"https:\/\/culture.ixelles.be\/fr\/wp-json\/wp\/v2\/posts\/1678053\/revisions"}],"predecessor-version":[{"id":1678069,"href":"https:\/\/culture.ixelles.be\/fr\/wp-json\/wp\/v2\/posts\/1678053\/revisions\/1678069"}],"wp:attachment":[{"href":"https:\/\/culture.ixelles.be\/fr\/wp-json\/wp\/v2\/media?parent=1678053"}],"wp:term":[{"taxonomy":"category","embeddable":true,"href":"https:\/\/culture.ixelles.be\/fr\/wp-json\/wp\/v2\/categories?post=1678053"},{"taxonomy":"post_tag","embeddable":true,"href":"https:\/\/culture.ixelles.be\/fr\/wp-json\/wp\/v2\/tags?post=1678053"}],"curies":[{"name":"wp","href":"https:\/\/api.w.org\/{rel}","templated":true}]}}