{"id":1755632,"date":"2025-09-10T09:30:05","date_gmt":"2025-09-10T09:30:05","guid":{"rendered":"https:\/\/culture.ixelles.be\/?p=1755632"},"modified":"2025-11-18T07:05:23","modified_gmt":"2025-11-18T07:05:23","slug":"expo-laboratoire-des-eaux-sensibles","status":"publish","type":"post","link":"https:\/\/culture.ixelles.be\/fr\/expo-laboratoire-des-eaux-sensibles\/","title":{"rendered":"EXPO : Laboratoire des eaux sensibles"},"content":{"rendered":"<div class=\"wpb-content-wrapper\"><div style=\"margin-top: 0px; margin-bottom: 0px;\" class=\"sharethis-inline-share-buttons\" ><\/div><p>[vc_row][vc_column][vc_column_text css=\u00a0\u00bb\u00a0\u00bb]<\/p>\n<h2>EXPO : Laboratoire des eaux sensibles<\/h2>\n<p>[\/vc_column_text][vc_column_text css=\u00a0\u00bb\u00a0\u00bb]<\/p>\n<h4><strong>Dans cette exposition \u00e0 la chapelle de Boondael, Ma\u00eblle Dufour et Doriane Biot pr\u00e9sentent le deuxi\u00e8me volet d\u2019un triptyque o\u00f9 la cr\u00e9ation se met au service d\u2019une recherche empathique questionnant notre rapport \u00e0 l\u2019eau. Ensemble, elles y explorent les gestes et les outils d\u00e9velopp\u00e9s par l\u2019\u00eatre humain pour contenir, canaliser, mesurer, ou exploiter cette ressource. <\/strong><\/h4>\n<p>[\/vc_column_text][vc_column_text css=\u00a0\u00bb\u00a0\u00bb]Ma\u00eblle et Doriane se connaissent depuis longtemps, mais c\u2019est la premi\u00e8re fois qu\u2019elles collaborent dans le cadre de ce projet. Difficile de leur attribuer un titre fixe\u202f: elles se d\u00e9finissent respectivement comme artiste-chercheuse (Ma\u00eblle) et commissaire-chercheuse (Doriane).<br \/>\nElles ont con\u00e7u ensemble l\u2019exposition pr\u00e9sent\u00e9e \u00e0 la chapelle de Boondael, dans le cadre d\u2019un projet plus vaste, dont une premi\u00e8re \u00e9tape a d\u00e9j\u00e0 eu lieu.<\/p>\n<p>Le premier volet du projet a pris la forme d\u2019une exposition pr\u00e9sent\u00e9e \u00e0 La Centrale for contemporary art, <em>Porteuses<\/em>. Ma\u00eblle Dufour s\u2019int\u00e9resse depuis longtemps \u00e0 la question de l\u2019eau,\u00a0 examinant l\u2019exploitation humaine de cette ressource, sa pollution, mais aussi son lien avec l\u2019agriculture et l\u2019irrigation. Pour l\u2019exposition \u00e0 La Centrale, Ma\u00eblle et Doriane ont approfondi le th\u00e8me de la pr\u00e9sence de l\u2019eau en ville, de sa visibilit\u00e9 et se sont pench\u00e9es, plus sp\u00e9cifiquement, sur une rivi\u00e8re urbaine bien connue des bruxellois\u00b7es, la Senne.[\/vc_column_text][\/vc_column][\/vc_row][vc_row][vc_column width=\u00a0\u00bb1\/2&Prime;][vc_column_text css=\u00a0\u00bb\u00a0\u00bb]L\u2019exposition \u00e0 la chapelle de Boondael s\u2019inscrit dans cette continuit\u00e9. Peu apr\u00e8s avoir termin\u00e9 sa r\u00e9sidence aux KULT XL Ateliers \u00e0 Ixelles, Ma\u00eblle est partie en r\u00e9sidence en France, \u00e0 Moly-Sabata. Cette r\u00e9sidence \u00e9tait sp\u00e9cifiquement ax\u00e9e sur la cr\u00e9ation d\u2019\u0153uvres, une opportunit\u00e9 qu\u2019elle a saisie pour d\u00e9velopper de nouvelles pi\u00e8ces destin\u00e9es \u00e0 l\u2019exposition \u00e0 la chapelle. Elle a ainsi r\u00e9alis\u00e9 des r\u00e9servoirs \u00e0 eau de pluie en c\u00e9ramique, \u00e0 \u00e9chelle r\u00e9duite,\u00a0 con\u00e7ues pour recueillir de l\u2019eau provenant de diff\u00e9rents lieux que Ma\u00eblle et Doriane ont travers\u00e9s ces derniers mois, les rassemblant dans la chapelle comme autant de petits \u00e9chantillons dans un laboratoire. Ce geste est repr\u00e9sentatif du travail artistique de Ma\u00eblle, qui s\u2019int\u00e9resse depuis le d\u00e9but du projet au d\u00e9tournement d\u2019objets et d\u2019infrastructures humaines (ch\u00e2teaux d\u2019eau, abreuvoirs, jerrycans), se jouant de leurs dimensions et usages fonctionnels. Des \u0153uvres textiles, \u00e9voquant des filtres de purification, ainsi qu\u2019une s\u00e9rie de pi\u00e8ces d\u00e9j\u00e0 pr\u00e9sent\u00e9es \u00e0 Art Brussel, compl\u00e8tent l\u2019installation \u00e0 la chapelle.[\/vc_column_text][\/vc_column][vc_column width=\u00a0\u00bb1\/2&Prime;][vc_single_image image=\u00a0\u00bb1755636&Prime; img_size=\u00a0\u00bb886&#215;591&Prime; css=\u00a0\u00bb\u00a0\u00bb][\/vc_column][\/vc_row][vc_row][vc_column][vc_column_text css=\u00a0\u00bb\u00a0\u00bb]Le duo travaille actuellement \u00e0 la \u00a0r\u00e9alisation du troisi\u00e8me volet du projet, dans le cadre d\u2019une r\u00e9sidence \u00e0 Li\u00e8ge. En collaboration avec l\u2019Universit\u00e9 de Li\u00e8ge et le Mus\u00e9e d\u2019Art Contemporain en Plein Air du Sart Tilman, cette r\u00e9sidence est sp\u00e9cifiquement ax\u00e9e sur l\u2019art et la science\u202f: un contexte id\u00e9al pour approfondir encore davantage le sujet.[\/vc_column_text][vc_column_text css=\u00a0\u00bb\u00a0\u00bb]<\/p>\n<table>\n<tbody>\n<tr>\n<td width=\"755\"><strong>Informations pratiques<\/strong><br \/>\nVernissage le 19 septembre, de 18h \u00e0 21h<br \/>\nExposition du 20 septembre au 5 octobre 2025<br \/>\nOuvert du jeudi au dimanche, de 14h \u00e0 18h<br \/>\nChapelle de Boondael<\/td>\n<\/tr>\n<\/tbody>\n<\/table>\n<p>[\/vc_column_text][vc_btn title=\u00a0\u00bbEvent &#8211; website\u00a0\u00bb color=\u00a0\u00bbinfo\u00a0\u00bb css=\u00a0\u00bb\u00a0\u00bb link=\u00a0\u00bburl:https%3A%2F%2Fculture.ixelles.be%2Ffr%2F%3Fp%3D1755632%26preview%3Dtrue\u00a0\u00bb][vc_btn title=\u00a0\u00bbEvent &#8211; facebook\u00a0\u00bb color=\u00a0\u00bbinfo\u00a0\u00bb css=\u00a0\u00bb\u00a0\u00bb link=\u00a0\u00bburl:https%3A%2F%2Fwww.facebook.com%2Fevents%2F1062211665994963%2F1062211702661626%2F\u00a0\u00bb][\/vc_column][\/vc_row]<\/p>\n<\/div>","protected":false},"excerpt":{"rendered":"<p>[vc_row][vc_column][vc_column_text css=\u00a0\u00bb\u00a0\u00bb] EXPO : Laboratoire des eaux sensibles [\/vc_column_text][vc_column_text css=\u00a0\u00bb\u00a0\u00bb] Dans cette exposition \u00e0 la chapelle de Boondael, Ma\u00eblle Dufour et Doriane Biot pr\u00e9sentent le deuxi\u00e8me volet d\u2019un triptyque o\u00f9 la cr\u00e9ation se met au service d\u2019une recherche empathique questionnant notre rapport \u00e0 l\u2019eau. Ensemble, elles y explorent les gestes et les outils d\u00e9velopp\u00e9s par [&hellip;]<\/p>\n","protected":false},"author":25,"featured_media":0,"comment_status":"closed","ping_status":"closed","sticky":false,"template":"","format":"standard","meta":{"_acf_changed":false,"_monsterinsights_skip_tracking":false,"_monsterinsights_sitenote_active":false,"_monsterinsights_sitenote_note":"","_monsterinsights_sitenote_category":0,"footnotes":""},"categories":[88,87],"tags":[],"acf":[],"yoast_head":"<!-- This site is optimized with the Yoast SEO plugin v24.5 - https:\/\/yoast.com\/wordpress\/plugins\/seo\/ -->\n<title>EXPO : Laboratoire des eaux sensibles - Ixelles<\/title>\n<meta name=\"robots\" content=\"index, follow, max-snippet:-1, max-image-preview:large, max-video-preview:-1\" \/>\n<link rel=\"canonical\" href=\"https:\/\/culture.ixelles.be\/fr\/expo-laboratoire-des-eaux-sensibles\/\" \/>\n<meta property=\"og:locale\" content=\"fr_FR\" \/>\n<meta property=\"og:type\" content=\"article\" \/>\n<meta property=\"og:title\" content=\"EXPO : Laboratoire des eaux sensibles - Ixelles\" \/>\n<meta property=\"og:description\" content=\"[vc_row][vc_column][vc_column_text css=\u00a0\u00bb\u00a0\u00bb] EXPO : Laboratoire des eaux sensibles [\/vc_column_text][vc_column_text css=\u00a0\u00bb\u00a0\u00bb] Dans cette exposition \u00e0 la chapelle de Boondael, Ma\u00eblle Dufour et Doriane Biot pr\u00e9sentent le deuxi\u00e8me volet d\u2019un triptyque o\u00f9 la cr\u00e9ation se met au service d\u2019une recherche empathique questionnant notre rapport \u00e0 l\u2019eau. Ensemble, elles y explorent les gestes et les outils d\u00e9velopp\u00e9s par [&hellip;]\" \/>\n<meta property=\"og:url\" content=\"https:\/\/culture.ixelles.be\/fr\/expo-laboratoire-des-eaux-sensibles\/\" \/>\n<meta property=\"og:site_name\" content=\"Ixelles\" \/>\n<meta property=\"article:published_time\" content=\"2025-09-10T09:30:05+00:00\" \/>\n<meta property=\"article:modified_time\" content=\"2025-11-18T07:05:23+00:00\" \/>\n<meta name=\"author\" content=\"Frederique Van Brussel\" \/>\n<meta name=\"twitter:card\" content=\"summary_large_image\" \/>\n<meta name=\"twitter:label1\" content=\"\u00c9crit par\" \/>\n\t<meta name=\"twitter:data1\" content=\"Frederique Van Brussel\" \/>\n\t<meta name=\"twitter:label2\" content=\"Dur\u00e9e de lecture estim\u00e9e\" \/>\n\t<meta name=\"twitter:data2\" content=\"3 minutes\" \/>\n<script type=\"application\/ld+json\" class=\"yoast-schema-graph\">{\"@context\":\"https:\/\/schema.org\",\"@graph\":[{\"@type\":\"Article\",\"@id\":\"https:\/\/culture.ixelles.be\/fr\/expo-laboratoire-des-eaux-sensibles\/#article\",\"isPartOf\":{\"@id\":\"https:\/\/culture.ixelles.be\/fr\/expo-laboratoire-des-eaux-sensibles\/\"},\"author\":{\"name\":\"Frederique Van Brussel\",\"@id\":\"https:\/\/culture.ixelles.be\/fr\/#\/schema\/person\/5b7f63921acef28fe97790ba45a3ea43\"},\"headline\":\"EXPO : Laboratoire des eaux sensibles\",\"datePublished\":\"2025-09-10T09:30:05+00:00\",\"dateModified\":\"2025-11-18T07:05:23+00:00\",\"mainEntityOfPage\":{\"@id\":\"https:\/\/culture.ixelles.be\/fr\/expo-laboratoire-des-eaux-sensibles\/\"},\"wordCount\":655,\"publisher\":{\"@id\":\"https:\/\/culture.ixelles.be\/fr\/#organization\"},\"articleSection\":[\"Ev\u00e9nements\",\"Portraits\"],\"inLanguage\":\"fr-FR\"},{\"@type\":\"WebPage\",\"@id\":\"https:\/\/culture.ixelles.be\/fr\/expo-laboratoire-des-eaux-sensibles\/\",\"url\":\"https:\/\/culture.ixelles.be\/fr\/expo-laboratoire-des-eaux-sensibles\/\",\"name\":\"EXPO : Laboratoire des eaux sensibles - Ixelles\",\"isPartOf\":{\"@id\":\"https:\/\/culture.ixelles.be\/fr\/#website\"},\"datePublished\":\"2025-09-10T09:30:05+00:00\",\"dateModified\":\"2025-11-18T07:05:23+00:00\",\"breadcrumb\":{\"@id\":\"https:\/\/culture.ixelles.be\/fr\/expo-laboratoire-des-eaux-sensibles\/#breadcrumb\"},\"inLanguage\":\"fr-FR\",\"potentialAction\":[{\"@type\":\"ReadAction\",\"target\":[\"https:\/\/culture.ixelles.be\/fr\/expo-laboratoire-des-eaux-sensibles\/\"]}]},{\"@type\":\"BreadcrumbList\",\"@id\":\"https:\/\/culture.ixelles.be\/fr\/expo-laboratoire-des-eaux-sensibles\/#breadcrumb\",\"itemListElement\":[{\"@type\":\"ListItem\",\"position\":1,\"name\":\"Accueil\",\"item\":\"https:\/\/culture.ixelles.be\/fr\/\"},{\"@type\":\"ListItem\",\"position\":2,\"name\":\"EXPO : Laboratoire des eaux sensibles\"}]},{\"@type\":\"WebSite\",\"@id\":\"https:\/\/culture.ixelles.be\/fr\/#website\",\"url\":\"https:\/\/culture.ixelles.be\/fr\/\",\"name\":\"Ixelles\",\"description\":\"\",\"publisher\":{\"@id\":\"https:\/\/culture.ixelles.be\/fr\/#organization\"},\"potentialAction\":[{\"@type\":\"SearchAction\",\"target\":{\"@type\":\"EntryPoint\",\"urlTemplate\":\"https:\/\/culture.ixelles.be\/fr\/?s={search_term_string}\"},\"query-input\":{\"@type\":\"PropertyValueSpecification\",\"valueRequired\":true,\"valueName\":\"search_term_string\"}}],\"inLanguage\":\"fr-FR\"},{\"@type\":\"Organization\",\"@id\":\"https:\/\/culture.ixelles.be\/fr\/#organization\",\"name\":\"Service culture Ixelles\",\"url\":\"https:\/\/culture.ixelles.be\/fr\/\",\"logo\":{\"@type\":\"ImageObject\",\"inLanguage\":\"fr-FR\",\"@id\":\"https:\/\/culture.ixelles.be\/fr\/#\/schema\/logo\/image\/\",\"url\":\"https:\/\/culture.ixelles.be\/wp-content\/uploads\/2021\/05\/ixelles_green.svg\",\"contentUrl\":\"https:\/\/culture.ixelles.be\/wp-content\/uploads\/2021\/05\/ixelles_green.svg\",\"width\":1,\"height\":1,\"caption\":\"Service culture Ixelles\"},\"image\":{\"@id\":\"https:\/\/culture.ixelles.be\/fr\/#\/schema\/logo\/image\/\"}},{\"@type\":\"Person\",\"@id\":\"https:\/\/culture.ixelles.be\/fr\/#\/schema\/person\/5b7f63921acef28fe97790ba45a3ea43\",\"name\":\"Frederique Van Brussel\",\"url\":\"https:\/\/culture.ixelles.be\/fr\/author\/fvanbrussel\/\"}]}<\/script>\n<!-- \/ Yoast SEO plugin. -->","yoast_head_json":{"title":"EXPO : Laboratoire des eaux sensibles - Ixelles","robots":{"index":"index","follow":"follow","max-snippet":"max-snippet:-1","max-image-preview":"max-image-preview:large","max-video-preview":"max-video-preview:-1"},"canonical":"https:\/\/culture.ixelles.be\/fr\/expo-laboratoire-des-eaux-sensibles\/","og_locale":"fr_FR","og_type":"article","og_title":"EXPO : Laboratoire des eaux sensibles - Ixelles","og_description":"[vc_row][vc_column][vc_column_text css=\u00a0\u00bb\u00a0\u00bb] EXPO : Laboratoire des eaux sensibles [\/vc_column_text][vc_column_text css=\u00a0\u00bb\u00a0\u00bb] Dans cette exposition \u00e0 la chapelle de Boondael, Ma\u00eblle Dufour et Doriane Biot pr\u00e9sentent le deuxi\u00e8me volet d\u2019un triptyque o\u00f9 la cr\u00e9ation se met au service d\u2019une recherche empathique questionnant notre rapport \u00e0 l\u2019eau. Ensemble, elles y explorent les gestes et les outils d\u00e9velopp\u00e9s par [&hellip;]","og_url":"https:\/\/culture.ixelles.be\/fr\/expo-laboratoire-des-eaux-sensibles\/","og_site_name":"Ixelles","article_published_time":"2025-09-10T09:30:05+00:00","article_modified_time":"2025-11-18T07:05:23+00:00","author":"Frederique Van Brussel","twitter_card":"summary_large_image","twitter_misc":{"\u00c9crit par":"Frederique Van Brussel","Dur\u00e9e de lecture estim\u00e9e":"3 minutes"},"schema":{"@context":"https:\/\/schema.org","@graph":[{"@type":"Article","@id":"https:\/\/culture.ixelles.be\/fr\/expo-laboratoire-des-eaux-sensibles\/#article","isPartOf":{"@id":"https:\/\/culture.ixelles.be\/fr\/expo-laboratoire-des-eaux-sensibles\/"},"author":{"name":"Frederique Van Brussel","@id":"https:\/\/culture.ixelles.be\/fr\/#\/schema\/person\/5b7f63921acef28fe97790ba45a3ea43"},"headline":"EXPO : Laboratoire des eaux sensibles","datePublished":"2025-09-10T09:30:05+00:00","dateModified":"2025-11-18T07:05:23+00:00","mainEntityOfPage":{"@id":"https:\/\/culture.ixelles.be\/fr\/expo-laboratoire-des-eaux-sensibles\/"},"wordCount":655,"publisher":{"@id":"https:\/\/culture.ixelles.be\/fr\/#organization"},"articleSection":["Ev\u00e9nements","Portraits"],"inLanguage":"fr-FR"},{"@type":"WebPage","@id":"https:\/\/culture.ixelles.be\/fr\/expo-laboratoire-des-eaux-sensibles\/","url":"https:\/\/culture.ixelles.be\/fr\/expo-laboratoire-des-eaux-sensibles\/","name":"EXPO : Laboratoire des eaux sensibles - Ixelles","isPartOf":{"@id":"https:\/\/culture.ixelles.be\/fr\/#website"},"datePublished":"2025-09-10T09:30:05+00:00","dateModified":"2025-11-18T07:05:23+00:00","breadcrumb":{"@id":"https:\/\/culture.ixelles.be\/fr\/expo-laboratoire-des-eaux-sensibles\/#breadcrumb"},"inLanguage":"fr-FR","potentialAction":[{"@type":"ReadAction","target":["https:\/\/culture.ixelles.be\/fr\/expo-laboratoire-des-eaux-sensibles\/"]}]},{"@type":"BreadcrumbList","@id":"https:\/\/culture.ixelles.be\/fr\/expo-laboratoire-des-eaux-sensibles\/#breadcrumb","itemListElement":[{"@type":"ListItem","position":1,"name":"Accueil","item":"https:\/\/culture.ixelles.be\/fr\/"},{"@type":"ListItem","position":2,"name":"EXPO : Laboratoire des eaux sensibles"}]},{"@type":"WebSite","@id":"https:\/\/culture.ixelles.be\/fr\/#website","url":"https:\/\/culture.ixelles.be\/fr\/","name":"Ixelles","description":"","publisher":{"@id":"https:\/\/culture.ixelles.be\/fr\/#organization"},"potentialAction":[{"@type":"SearchAction","target":{"@type":"EntryPoint","urlTemplate":"https:\/\/culture.ixelles.be\/fr\/?s={search_term_string}"},"query-input":{"@type":"PropertyValueSpecification","valueRequired":true,"valueName":"search_term_string"}}],"inLanguage":"fr-FR"},{"@type":"Organization","@id":"https:\/\/culture.ixelles.be\/fr\/#organization","name":"Service culture Ixelles","url":"https:\/\/culture.ixelles.be\/fr\/","logo":{"@type":"ImageObject","inLanguage":"fr-FR","@id":"https:\/\/culture.ixelles.be\/fr\/#\/schema\/logo\/image\/","url":"https:\/\/culture.ixelles.be\/wp-content\/uploads\/2021\/05\/ixelles_green.svg","contentUrl":"https:\/\/culture.ixelles.be\/wp-content\/uploads\/2021\/05\/ixelles_green.svg","width":1,"height":1,"caption":"Service culture Ixelles"},"image":{"@id":"https:\/\/culture.ixelles.be\/fr\/#\/schema\/logo\/image\/"}},{"@type":"Person","@id":"https:\/\/culture.ixelles.be\/fr\/#\/schema\/person\/5b7f63921acef28fe97790ba45a3ea43","name":"Frederique Van Brussel","url":"https:\/\/culture.ixelles.be\/fr\/author\/fvanbrussel\/"}]}},"jetpack_featured_media_url":"","_links":{"self":[{"href":"https:\/\/culture.ixelles.be\/fr\/wp-json\/wp\/v2\/posts\/1755632"}],"collection":[{"href":"https:\/\/culture.ixelles.be\/fr\/wp-json\/wp\/v2\/posts"}],"about":[{"href":"https:\/\/culture.ixelles.be\/fr\/wp-json\/wp\/v2\/types\/post"}],"author":[{"embeddable":true,"href":"https:\/\/culture.ixelles.be\/fr\/wp-json\/wp\/v2\/users\/25"}],"replies":[{"embeddable":true,"href":"https:\/\/culture.ixelles.be\/fr\/wp-json\/wp\/v2\/comments?post=1755632"}],"version-history":[{"count":5,"href":"https:\/\/culture.ixelles.be\/fr\/wp-json\/wp\/v2\/posts\/1755632\/revisions"}],"predecessor-version":[{"id":1755646,"href":"https:\/\/culture.ixelles.be\/fr\/wp-json\/wp\/v2\/posts\/1755632\/revisions\/1755646"}],"wp:attachment":[{"href":"https:\/\/culture.ixelles.be\/fr\/wp-json\/wp\/v2\/media?parent=1755632"}],"wp:term":[{"taxonomy":"category","embeddable":true,"href":"https:\/\/culture.ixelles.be\/fr\/wp-json\/wp\/v2\/categories?post=1755632"},{"taxonomy":"post_tag","embeddable":true,"href":"https:\/\/culture.ixelles.be\/fr\/wp-json\/wp\/v2\/tags?post=1755632"}],"curies":[{"name":"wp","href":"https:\/\/api.w.org\/{rel}","templated":true}]}}