{"id":1989151,"date":"2026-09-01T11:21:44","date_gmt":"2026-09-01T11:21:44","guid":{"rendered":"https:\/\/culture.ixelles.be\/?p=1989151"},"modified":"2026-09-01T11:09:41","modified_gmt":"2026-09-01T11:09:41","slug":"la-rentree-des-arts-visuels","status":"publish","type":"post","link":"https:\/\/culture.ixelles.be\/fr\/la-rentree-des-arts-visuels\/","title":{"rendered":"La rentr\u00e9e des arts visuels : ce qui reste, ce qui se transforme"},"content":{"rendered":"<div style=\"margin-top: 0px; margin-bottom: 0px;\" class=\"sharethis-inline-share-buttons\" ><\/div><h2><img loading=\"lazy\" decoding=\"async\" class=\"alignnone wp-image-1989179 size-full aligncenter\" src=\"https:\/\/culture.ixelles.be\/wp-content\/uploads\/2026\/09\/POST-KULT-XL-18-1-1.png\" alt=\"\" width=\"1920\" height=\"1080\" srcset=\"https:\/\/culture.ixelles.be\/wp-content\/uploads\/2026\/09\/POST-KULT-XL-18-1-1.png 1920w, https:\/\/culture.ixelles.be\/wp-content\/uploads\/2026\/09\/POST-KULT-XL-18-1-1-300x169.png 300w, https:\/\/culture.ixelles.be\/wp-content\/uploads\/2026\/09\/POST-KULT-XL-18-1-1-1024x576.png 1024w, https:\/\/culture.ixelles.be\/wp-content\/uploads\/2026\/09\/POST-KULT-XL-18-1-1-768x432.png 768w, https:\/\/culture.ixelles.be\/wp-content\/uploads\/2026\/09\/POST-KULT-XL-18-1-1-1536x864.png 1536w, https:\/\/culture.ixelles.be\/wp-content\/uploads\/2026\/09\/POST-KULT-XL-18-1-1-800x450.png 800w, https:\/\/culture.ixelles.be\/wp-content\/uploads\/2026\/09\/POST-KULT-XL-18-1-1-1280x720.png 1280w\" sizes=\"(max-width: 1920px) 100vw, 1920px\" \/><\/h2>\n<h3 style=\"text-align: center;\"><\/h3>\n<h3 class=\"isSelectedEnd\" style=\"text-align: center;\"><strong>Paysages en mouvement, mati\u00e8res, traces et gestes de cr\u00e9ation : cette rentr\u00e9e, les arts visuels nous invitent \u00e0 regarder autrement ce qui nous entoure. Cet automne 2026, Ixelles vous propose de red\u00e9couvrir les arts visuels \u00e0 plusieurs occasions&#8230; et avec plusieurs visions.\u00a0<\/strong><\/h3>\n<p>&nbsp;<\/p>\n<p class=\"isSelectedEnd\" style=\"text-align: center;\"><img loading=\"lazy\" decoding=\"async\" class=\"alignnone wp-image-1989161 size-full\" src=\"https:\/\/culture.ixelles.be\/wp-content\/uploads\/2026\/09\/POST-KULT-XL-17-1.png\" alt=\"\" width=\"1920\" height=\"1080\" srcset=\"https:\/\/culture.ixelles.be\/wp-content\/uploads\/2026\/09\/POST-KULT-XL-17-1.png 1920w, https:\/\/culture.ixelles.be\/wp-content\/uploads\/2026\/09\/POST-KULT-XL-17-1-300x169.png 300w, https:\/\/culture.ixelles.be\/wp-content\/uploads\/2026\/09\/POST-KULT-XL-17-1-1024x576.png 1024w, https:\/\/culture.ixelles.be\/wp-content\/uploads\/2026\/09\/POST-KULT-XL-17-1-768x432.png 768w, https:\/\/culture.ixelles.be\/wp-content\/uploads\/2026\/09\/POST-KULT-XL-17-1-1536x864.png 1536w, https:\/\/culture.ixelles.be\/wp-content\/uploads\/2026\/09\/POST-KULT-XL-17-1-800x450.png 800w, https:\/\/culture.ixelles.be\/wp-content\/uploads\/2026\/09\/POST-KULT-XL-17-1-1280x720.png 1280w\" sizes=\"(max-width: 1920px) 100vw, 1920px\" \/><\/p>\n<p>&nbsp;<\/p>\n<p class=\"isSelectedEnd\" style=\"text-align: center;\">\u00c0 la <strong>Chapelle de Boondael, <\/strong><em>Landslide<\/em> explore notre rapport au paysage, \u00e0 la mati\u00e8re et au temps. <strong>Agathe Bertin, Luca Vanello et Julia Renaudot<\/strong> r\u00e9unissent installations, sculptures et dispositifs visuels autour de la transformation, de la fragilit\u00e9 et de la reconstruction. Que reste-t-il apr\u00e8s la chute ? Des fragments, des traces, des vestiges\u2026 mais aussi la possibilit\u00e9 d\u2019une transformation. Entre architecture, ruine et imaginaire dystopique, l\u2019exposition propose un paysage en mouvement, o\u00f9 destruction et cr\u00e9ation semblent se r\u00e9pondre.<\/p>\n<p>&nbsp;<\/p>\n<p class=\"default\" style=\"text-align: center;\"><strong>04.09 &gt; 27.09<\/strong><\/p>\n<p style=\"text-align: center;\"><em><strong>Vernissage le 04.09 \u00e0 18:00<\/strong><\/em><\/p>\n<p class=\"default\" style=\"text-align: center;\">Jeu. Ven. Dim. 14:00 &gt; 18:00<\/p>\n<p class=\"default\" style=\"text-align: center;\">Sam. 11:00 &gt; 18:00<\/p>\n<p>&nbsp;<\/p>\n<p>&nbsp;<\/p>\n<p style=\"text-align: center;\"><img loading=\"lazy\" decoding=\"async\" class=\"alignnone wp-image-1989155 size-full\" src=\"https:\/\/culture.ixelles.be\/wp-content\/uploads\/2026\/09\/POST-KULT-XL-18.png\" alt=\"\" width=\"1920\" height=\"1080\" srcset=\"https:\/\/culture.ixelles.be\/wp-content\/uploads\/2026\/09\/POST-KULT-XL-18.png 1920w, https:\/\/culture.ixelles.be\/wp-content\/uploads\/2026\/09\/POST-KULT-XL-18-300x169.png 300w, https:\/\/culture.ixelles.be\/wp-content\/uploads\/2026\/09\/POST-KULT-XL-18-1024x576.png 1024w, https:\/\/culture.ixelles.be\/wp-content\/uploads\/2026\/09\/POST-KULT-XL-18-768x432.png 768w, https:\/\/culture.ixelles.be\/wp-content\/uploads\/2026\/09\/POST-KULT-XL-18-1536x864.png 1536w, https:\/\/culture.ixelles.be\/wp-content\/uploads\/2026\/09\/POST-KULT-XL-18-800x450.png 800w, https:\/\/culture.ixelles.be\/wp-content\/uploads\/2026\/09\/POST-KULT-XL-18-1280x720.png 1280w\" sizes=\"(max-width: 1920px) 100vw, 1920px\" \/><\/p>\n<p>&nbsp;<\/p>\n<p class=\"isSelectedEnd\" style=\"text-align: center;\">\u00c0 quelques rues de l\u00e0, <strong>KULT XL Expo<\/strong> accueille <em>Lithologies<\/em>, la premi\u00e8re exposition personnelle \u00e0 Bruxelles de <strong>Veronica de Giovanelli<\/strong>. L\u2019artiste y explore le monde min\u00e9ral \u00e0 travers peintures, collages, frottages et installations. Par un jeu de superpositions et de stratifications, le paysage se transforme progressivement en mati\u00e8re et en empreinte. Son travail autour de la pierre bleue belge fait notamment appara\u00eetre les traces de paysages disparus et r\u00e9v\u00e8le, au c\u0153ur de la ville, la profondeur du temps g\u00e9ologique.<\/p>\n<p>&nbsp;<\/p>\n<p style=\"text-align: center;\"><strong>12.09\u00a0 &gt; 04.10<\/strong><\/p>\n<p style=\"text-align: center;\"><em><strong>Vernissage le 11.09 \u00e0 17:00<\/strong><\/em><\/p>\n<p style=\"text-align: center;\">Jeu. &gt; Dim. 15:00 &gt; 19:00<\/p>\n<p>&nbsp;<\/p>\n<p class=\"isSelectedEnd\" style=\"text-align: center;\"><strong>Deux expositions, deux regards sur ce qui fa\u00e7onne nos paysages et sur ce qui se cache sous leur surface.<\/strong><\/p>\n<p>&nbsp;<\/p>\n<p>&nbsp;<\/p>\n<h2 style=\"text-align: center;\">Rencontrer les artistes<\/h2>\n<p class=\"isSelectedEnd\" style=\"text-align: center;\"><img loading=\"lazy\" decoding=\"async\" class=\"alignnone wp-image-1989152 size-full\" src=\"https:\/\/culture.ixelles.be\/wp-content\/uploads\/2026\/09\/790457623_1097152479633960_3644476912932442369_n.jpg\" alt=\"\" width=\"1920\" height=\"1080\" srcset=\"https:\/\/culture.ixelles.be\/wp-content\/uploads\/2026\/09\/790457623_1097152479633960_3644476912932442369_n.jpg 1920w, https:\/\/culture.ixelles.be\/wp-content\/uploads\/2026\/09\/790457623_1097152479633960_3644476912932442369_n-300x169.jpg 300w, https:\/\/culture.ixelles.be\/wp-content\/uploads\/2026\/09\/790457623_1097152479633960_3644476912932442369_n-1024x576.jpg 1024w, https:\/\/culture.ixelles.be\/wp-content\/uploads\/2026\/09\/790457623_1097152479633960_3644476912932442369_n-768x432.jpg 768w, https:\/\/culture.ixelles.be\/wp-content\/uploads\/2026\/09\/790457623_1097152479633960_3644476912932442369_n-1536x864.jpg 1536w, https:\/\/culture.ixelles.be\/wp-content\/uploads\/2026\/09\/790457623_1097152479633960_3644476912932442369_n-800x450.jpg 800w, https:\/\/culture.ixelles.be\/wp-content\/uploads\/2026\/09\/790457623_1097152479633960_3644476912932442369_n-1280x720.jpg 1280w\" sizes=\"(max-width: 1920px) 100vw, 1920px\" \/><\/p>\n<p>&nbsp;<\/p>\n<p class=\"isSelectedEnd\" style=\"text-align: center;\">La rentr\u00e9e des arts visuels, c\u2019est aussi l\u2019occasion de d\u00e9couvrir les pratiques artistiques <strong>au plus pr\u00e8s de leur lieu de cr\u00e9ation<\/strong>.<\/p>\n<p class=\"isSelectedEnd\" style=\"text-align: center;\">Dans le cadre de <a href=\"https:\/\/rendezvousbxl.com\/\"><strong>Rendez-Vous (Brussels Art Week)<\/strong><\/a>, les artistes de <strong>KULT XL Ateliers<\/strong> ouvrent leurs portes le <strong>dimanche 13 septembre, de 15h \u00e0 19h<\/strong>. Deux lieux, six artistes : une occasion unique de pousser la porte des ateliers, de rencontrer les artistes et de d\u00e9couvrir leur travail de plus pr\u00e8s.<\/p>\n<p>&nbsp;<\/p>\n<p class=\"isSelectedEnd\" style=\"text-align: center;\"><strong>23, rue Wiertz<\/strong><br \/>\nAbel Hartooni \u00b7 Maria Saygua Andr\u00e9 \u00b7 Thy Nguy\u1ec5n Truong Minh \u00b7 Juliette Vanwaterloo \u00b7 Siemen Van Gaubergen<\/p>\n<p class=\"isSelectedEnd\" style=\"text-align: center;\"><strong>179, avenue de la Cambre<\/strong><br \/>\nAm\u00e9lie Scotta<\/p>\n<p>&nbsp;<\/p>\n<p>&nbsp;<\/p>\n<p style=\"text-align: center;\"><img loading=\"lazy\" decoding=\"async\" class=\"wp-image-1989187 size-full alignleft\" src=\"https:\/\/culture.ixelles.be\/wp-content\/uploads\/2026\/09\/TEMPLATE_HeritageDays_2026_post_1080x1440.jpg\" alt=\"\" width=\"383\" height=\"510\" srcset=\"https:\/\/culture.ixelles.be\/wp-content\/uploads\/2026\/09\/TEMPLATE_HeritageDays_2026_post_1080x1440.jpg 383w, https:\/\/culture.ixelles.be\/wp-content\/uploads\/2026\/09\/TEMPLATE_HeritageDays_2026_post_1080x1440-225x300.jpg 225w\" sizes=\"(max-width: 383px) 100vw, 383px\" \/><\/p>\n<h2 style=\"text-align: center;\"><\/h2>\n<h2 style=\"text-align: center;\"><\/h2>\n<h2 style=\"text-align: center;\"><\/h2>\n<h2 style=\"text-align: center;\">La Chapelle de Boondael participe aux Journ\u00e9es du Patrimoine<\/h2>\n<p class=\"isSelectedEnd\" style=\"text-align: center;\">Les <strong>Journ\u00e9es du Patrimoine<\/strong> seront l\u2019occasion de (re)d\u00e9couvrir la Chapelle de Boondael. Des <strong>visites guid\u00e9es de l&rsquo;exposition \u00ab\u00a0Landslide\u00a0\u00bb en fran\u00e7ais<\/strong> sont organis\u00e9es les <strong>dimanches 13 et 20 septembre \u00e0 14h <\/strong>. Une belle mani\u00e8re d&rsquo;appr\u00e9hender et de mieux comprendre le travail des artistes. Activit\u00e9s sans r\u00e9servation : pr\u00e9sentez-vous directement sur place.<\/p>\n<p>&nbsp;<\/p>\n<p>&nbsp;<\/p>\n<p>&nbsp;<\/p>\n<p>&nbsp;<\/p>\n<p>&nbsp;<\/p>\n<p>&nbsp;<\/p>\n<p>&nbsp;<\/p>\n<p>&nbsp;<\/p>\n<hr \/>\n<h2 style=\"text-align: center;\"><\/h2>\n<h2 style=\"text-align: center;\">\u00c0 d\u00e9couvrir cet automne<\/h2>\n<h3 class=\"isSelectedEnd\" style=\"text-align: center;\"><strong>Landslide<\/strong><\/h3>\n<p class=\"isSelectedEnd\" style=\"text-align: center;\">Agathe Bertin \u00b7 Luca Vanello \u00b7 Julia Renaudot<br \/>\n<em>Chapelle de Boondael, Square du Vieux Tilleul 10<\/em><\/p>\n<p class=\"default\" style=\"text-align: center;\"><strong>04.09 &gt; 27.09<\/strong><\/p>\n<p class=\"default\" style=\"text-align: center;\">Jeu. Ven. Dim. 14:00 &gt; 18:00<\/p>\n<p class=\"default\" style=\"text-align: center;\">Sam. 11:00 &gt; 18:00<\/p>\n<p class=\"isSelectedEnd\" style=\"text-align: center;\">Du 24 au 27 septembre : dispositifs autour des imaginaires de l\u2019exposition<\/p>\n<p class=\"isSelectedEnd\" style=\"text-align: center;\">avec Sohel Bourgeau, Barth\u00e9l\u00e9my Cabry et Lucas Leffler.<\/p>\n<h3 class=\"isSelectedEnd\" style=\"text-align: center;\"><strong>Lithologies<\/strong><\/h3>\n<p class=\"isSelectedEnd\" style=\"text-align: center;\">Veronica de Giovanelli<br \/>\n<em>KULT XL Expo, rue Wiertz 23<\/em><\/p>\n<p style=\"text-align: center;\"><strong>12.09 &gt; 04.10<\/strong><\/p>\n<p style=\"text-align: center;\">Jeu. &gt; Dim. 15:00 &gt; 19:00<\/p>\n<h3 class=\"isSelectedEnd\" style=\"text-align: center;\"><strong>Open Studio Days &#8211; KULT XL Ateliers<\/strong><\/h3>\n<p class=\"isSelectedEnd\" style=\"text-align: center;\"><em>Rue Wiertz 21 &amp; avenue de la Cambre 179<\/em><\/p>\n<p style=\"text-align: center;\">Dimanche 13 septembre 15h &gt; 19h<\/p>\n<h3 style=\"text-align: center;\"><strong>Journ\u00e9es du Patrimoine &#8211; \u00ab\u00a0Landslide\u00a0\u00bb<\/strong><\/h3>\n<p style=\"text-align: center;\"><em>Chapelle de Boondael, Square du Vieux Tilleul 10<\/em><\/p>\n<p style=\"text-align: center;\">Dimanches 13 et 20 septembre &#8211; 14h<\/p>\n<p style=\"text-align: center;\">Visites guid\u00e9es en fran\u00e7ais de l&rsquo;exposition \u00ab\u00a0Landslide\u00a0\u00bb<\/p>\n","protected":false},"excerpt":{"rendered":"<p>Paysages en mouvement, mati\u00e8res, traces et gestes de cr\u00e9ation : cette rentr\u00e9e, les arts visuels nous invitent \u00e0 regarder autrement ce qui nous entoure. Cet automne 2026, Ixelles vous propose de red\u00e9couvrir les arts visuels \u00e0 plusieurs occasions&#8230; et avec plusieurs visions.\u00a0 &nbsp; &nbsp; \u00c0 la Chapelle de Boondael, Landslide explore notre rapport au paysage, [&hellip;]<\/p>\n","protected":false},"author":28,"featured_media":1989201,"comment_status":"closed","ping_status":"closed","sticky":false,"template":"","format":"standard","meta":{"_acf_changed":false,"_monsterinsights_skip_tracking":false,"footnotes":""},"categories":[83,88,1],"tags":[],"acf":[],"yoast_head":"<!-- This site is optimized with the Yoast SEO plugin v24.5 - https:\/\/yoast.com\/wordpress\/plugins\/seo\/ -->\n<title>La rentr\u00e9e des arts visuels : ce qui reste, ce qui se transforme - Ixelles<\/title>\n<meta name=\"description\" content=\"Voltigez d\u2019\u00e9motions le temps d\u2019une apr\u00e8s-midi gratuite de musique, de spectacle et d&#039;animations : partez \u00e0 la rencontre des acteurs culturels ixelloisLa rentr\u00e9e scolaire marque aussi le d\u00e9but d\u2019une nouvelle saison culturelle \u00e0 Ixelles. Pour la lancer, les partenaires culturels de la Commune vous donnent rendez-vous le samedi 19 septembre sur la place Fernand Cocq.\" \/>\n<meta name=\"robots\" content=\"index, follow, max-snippet:-1, max-image-preview:large, max-video-preview:-1\" \/>\n<link rel=\"canonical\" href=\"https:\/\/culture.ixelles.be\/fr\/la-rentree-des-arts-visuels\/\" \/>\n<meta property=\"og:locale\" content=\"fr_FR\" \/>\n<meta property=\"og:type\" content=\"article\" \/>\n<meta property=\"og:title\" content=\"La rentr\u00e9e des arts visuels : ce qui reste, ce qui se transforme - Ixelles\" \/>\n<meta property=\"og:description\" content=\"Voltigez d\u2019\u00e9motions le temps d\u2019une apr\u00e8s-midi gratuite de musique, de spectacle et d&#039;animations : partez \u00e0 la rencontre des acteurs culturels ixelloisLa rentr\u00e9e scolaire marque aussi le d\u00e9but d\u2019une nouvelle saison culturelle \u00e0 Ixelles. Pour la lancer, les partenaires culturels de la Commune vous donnent rendez-vous le samedi 19 septembre sur la place Fernand Cocq.\" \/>\n<meta property=\"og:url\" content=\"https:\/\/culture.ixelles.be\/fr\/la-rentree-des-arts-visuels\/\" \/>\n<meta property=\"og:site_name\" content=\"Ixelles\" \/>\n<meta property=\"article:published_time\" content=\"2026-09-01T11:21:44+00:00\" \/>\n<meta property=\"og:image\" content=\"https:\/\/culture.ixelles.be\/wp-content\/uploads\/2026\/09\/778139728_1697599692365491_2284714718376037763_n.jpg\" \/>\n\t<meta property=\"og:image:width\" content=\"1474\" \/>\n\t<meta property=\"og:image:height\" content=\"2048\" \/>\n\t<meta property=\"og:image:type\" content=\"image\/jpeg\" \/>\n<meta name=\"author\" content=\"simon_laroche\" \/>\n<meta name=\"twitter:card\" content=\"summary_large_image\" \/>\n<meta name=\"twitter:label1\" content=\"\u00c9crit par\" \/>\n\t<meta name=\"twitter:data1\" content=\"simon_laroche\" \/>\n\t<meta name=\"twitter:label2\" content=\"Dur\u00e9e de lecture estim\u00e9e\" \/>\n\t<meta name=\"twitter:data2\" content=\"4 minutes\" \/>\n<script type=\"application\/ld+json\" class=\"yoast-schema-graph\">{\"@context\":\"https:\/\/schema.org\",\"@graph\":[{\"@type\":\"Article\",\"@id\":\"https:\/\/culture.ixelles.be\/fr\/la-rentree-des-arts-visuels\/#article\",\"isPartOf\":{\"@id\":\"https:\/\/culture.ixelles.be\/fr\/la-rentree-des-arts-visuels\/\"},\"author\":{\"name\":\"simon_laroche\",\"@id\":\"https:\/\/culture.ixelles.be\/fr\/#\/schema\/person\/7928b1a8db15a0c1c763a848d3e94fc3\"},\"headline\":\"La rentr\u00e9e des arts visuels : ce qui reste, ce qui se transforme\",\"datePublished\":\"2026-09-01T11:21:44+00:00\",\"mainEntityOfPage\":{\"@id\":\"https:\/\/culture.ixelles.be\/fr\/la-rentree-des-arts-visuels\/\"},\"wordCount\":557,\"publisher\":{\"@id\":\"https:\/\/culture.ixelles.be\/fr\/#organization\"},\"image\":{\"@id\":\"https:\/\/culture.ixelles.be\/fr\/la-rentree-des-arts-visuels\/#primaryimage\"},\"thumbnailUrl\":\"https:\/\/culture.ixelles.be\/wp-content\/uploads\/2026\/09\/778139728_1697599692365491_2284714718376037763_n.jpg\",\"articleSection\":[\"A la une\",\"Ev\u00e9nements\",\"Non classifi\u00e9(e)\"],\"inLanguage\":\"fr-FR\"},{\"@type\":\"WebPage\",\"@id\":\"https:\/\/culture.ixelles.be\/fr\/la-rentree-des-arts-visuels\/\",\"url\":\"https:\/\/culture.ixelles.be\/fr\/la-rentree-des-arts-visuels\/\",\"name\":\"La rentr\u00e9e des arts visuels : ce qui reste, ce qui se transforme - Ixelles\",\"isPartOf\":{\"@id\":\"https:\/\/culture.ixelles.be\/fr\/#website\"},\"primaryImageOfPage\":{\"@id\":\"https:\/\/culture.ixelles.be\/fr\/la-rentree-des-arts-visuels\/#primaryimage\"},\"image\":{\"@id\":\"https:\/\/culture.ixelles.be\/fr\/la-rentree-des-arts-visuels\/#primaryimage\"},\"thumbnailUrl\":\"https:\/\/culture.ixelles.be\/wp-content\/uploads\/2026\/09\/778139728_1697599692365491_2284714718376037763_n.jpg\",\"datePublished\":\"2026-09-01T11:21:44+00:00\",\"description\":\"Voltigez d\u2019\u00e9motions le temps d\u2019une apr\u00e8s-midi gratuite de musique, de spectacle et d'animations : partez \u00e0 la rencontre des acteurs culturels ixelloisLa rentr\u00e9e scolaire marque aussi le d\u00e9but d\u2019une nouvelle saison culturelle \u00e0 Ixelles. Pour la lancer, les partenaires culturels de la Commune vous donnent rendez-vous le samedi 19 septembre sur la place Fernand Cocq.\",\"breadcrumb\":{\"@id\":\"https:\/\/culture.ixelles.be\/fr\/la-rentree-des-arts-visuels\/#breadcrumb\"},\"inLanguage\":\"fr-FR\",\"potentialAction\":[{\"@type\":\"ReadAction\",\"target\":[\"https:\/\/culture.ixelles.be\/fr\/la-rentree-des-arts-visuels\/\"]}]},{\"@type\":\"ImageObject\",\"inLanguage\":\"fr-FR\",\"@id\":\"https:\/\/culture.ixelles.be\/fr\/la-rentree-des-arts-visuels\/#primaryimage\",\"url\":\"https:\/\/culture.ixelles.be\/wp-content\/uploads\/2026\/09\/778139728_1697599692365491_2284714718376037763_n.jpg\",\"contentUrl\":\"https:\/\/culture.ixelles.be\/wp-content\/uploads\/2026\/09\/778139728_1697599692365491_2284714718376037763_n.jpg\",\"width\":1474,\"height\":2048},{\"@type\":\"BreadcrumbList\",\"@id\":\"https:\/\/culture.ixelles.be\/fr\/la-rentree-des-arts-visuels\/#breadcrumb\",\"itemListElement\":[{\"@type\":\"ListItem\",\"position\":1,\"name\":\"Accueil\",\"item\":\"https:\/\/culture.ixelles.be\/fr\/\"},{\"@type\":\"ListItem\",\"position\":2,\"name\":\"La rentr\u00e9e des arts visuels : ce qui reste, ce qui se transforme\"}]},{\"@type\":\"WebSite\",\"@id\":\"https:\/\/culture.ixelles.be\/fr\/#website\",\"url\":\"https:\/\/culture.ixelles.be\/fr\/\",\"name\":\"Ixelles\",\"description\":\"\",\"publisher\":{\"@id\":\"https:\/\/culture.ixelles.be\/fr\/#organization\"},\"potentialAction\":[{\"@type\":\"SearchAction\",\"target\":{\"@type\":\"EntryPoint\",\"urlTemplate\":\"https:\/\/culture.ixelles.be\/fr\/?s={search_term_string}\"},\"query-input\":{\"@type\":\"PropertyValueSpecification\",\"valueRequired\":true,\"valueName\":\"search_term_string\"}}],\"inLanguage\":\"fr-FR\"},{\"@type\":\"Organization\",\"@id\":\"https:\/\/culture.ixelles.be\/fr\/#organization\",\"name\":\"Service culture Ixelles\",\"url\":\"https:\/\/culture.ixelles.be\/fr\/\",\"logo\":{\"@type\":\"ImageObject\",\"inLanguage\":\"fr-FR\",\"@id\":\"https:\/\/culture.ixelles.be\/fr\/#\/schema\/logo\/image\/\",\"url\":\"https:\/\/culture.ixelles.be\/wp-content\/uploads\/2021\/05\/ixelles_green.svg\",\"contentUrl\":\"https:\/\/culture.ixelles.be\/wp-content\/uploads\/2021\/05\/ixelles_green.svg\",\"width\":1,\"height\":1,\"caption\":\"Service culture Ixelles\"},\"image\":{\"@id\":\"https:\/\/culture.ixelles.be\/fr\/#\/schema\/logo\/image\/\"}},{\"@type\":\"Person\",\"@id\":\"https:\/\/culture.ixelles.be\/fr\/#\/schema\/person\/7928b1a8db15a0c1c763a848d3e94fc3\",\"name\":\"simon_laroche\",\"url\":\"https:\/\/culture.ixelles.be\/fr\/author\/simon_laroche\/\"}]}<\/script>\n<!-- \/ Yoast SEO plugin. -->","yoast_head_json":{"title":"La rentr\u00e9e des arts visuels : ce qui reste, ce qui se transforme - Ixelles","description":"Voltigez d\u2019\u00e9motions le temps d\u2019une apr\u00e8s-midi gratuite de musique, de spectacle et d'animations : partez \u00e0 la rencontre des acteurs culturels ixelloisLa rentr\u00e9e scolaire marque aussi le d\u00e9but d\u2019une nouvelle saison culturelle \u00e0 Ixelles. Pour la lancer, les partenaires culturels de la Commune vous donnent rendez-vous le samedi 19 septembre sur la place Fernand Cocq.","robots":{"index":"index","follow":"follow","max-snippet":"max-snippet:-1","max-image-preview":"max-image-preview:large","max-video-preview":"max-video-preview:-1"},"canonical":"https:\/\/culture.ixelles.be\/fr\/la-rentree-des-arts-visuels\/","og_locale":"fr_FR","og_type":"article","og_title":"La rentr\u00e9e des arts visuels : ce qui reste, ce qui se transforme - Ixelles","og_description":"Voltigez d\u2019\u00e9motions le temps d\u2019une apr\u00e8s-midi gratuite de musique, de spectacle et d'animations : partez \u00e0 la rencontre des acteurs culturels ixelloisLa rentr\u00e9e scolaire marque aussi le d\u00e9but d\u2019une nouvelle saison culturelle \u00e0 Ixelles. Pour la lancer, les partenaires culturels de la Commune vous donnent rendez-vous le samedi 19 septembre sur la place Fernand Cocq.","og_url":"https:\/\/culture.ixelles.be\/fr\/la-rentree-des-arts-visuels\/","og_site_name":"Ixelles","article_published_time":"2026-09-01T11:21:44+00:00","og_image":[{"width":1474,"height":2048,"url":"https:\/\/culture.ixelles.be\/wp-content\/uploads\/2026\/09\/778139728_1697599692365491_2284714718376037763_n.jpg","type":"image\/jpeg"}],"author":"simon_laroche","twitter_card":"summary_large_image","twitter_misc":{"\u00c9crit par":"simon_laroche","Dur\u00e9e de lecture estim\u00e9e":"4 minutes"},"schema":{"@context":"https:\/\/schema.org","@graph":[{"@type":"Article","@id":"https:\/\/culture.ixelles.be\/fr\/la-rentree-des-arts-visuels\/#article","isPartOf":{"@id":"https:\/\/culture.ixelles.be\/fr\/la-rentree-des-arts-visuels\/"},"author":{"name":"simon_laroche","@id":"https:\/\/culture.ixelles.be\/fr\/#\/schema\/person\/7928b1a8db15a0c1c763a848d3e94fc3"},"headline":"La rentr\u00e9e des arts visuels : ce qui reste, ce qui se transforme","datePublished":"2026-09-01T11:21:44+00:00","mainEntityOfPage":{"@id":"https:\/\/culture.ixelles.be\/fr\/la-rentree-des-arts-visuels\/"},"wordCount":557,"publisher":{"@id":"https:\/\/culture.ixelles.be\/fr\/#organization"},"image":{"@id":"https:\/\/culture.ixelles.be\/fr\/la-rentree-des-arts-visuels\/#primaryimage"},"thumbnailUrl":"https:\/\/culture.ixelles.be\/wp-content\/uploads\/2026\/09\/778139728_1697599692365491_2284714718376037763_n.jpg","articleSection":["A la une","Ev\u00e9nements","Non classifi\u00e9(e)"],"inLanguage":"fr-FR"},{"@type":"WebPage","@id":"https:\/\/culture.ixelles.be\/fr\/la-rentree-des-arts-visuels\/","url":"https:\/\/culture.ixelles.be\/fr\/la-rentree-des-arts-visuels\/","name":"La rentr\u00e9e des arts visuels : ce qui reste, ce qui se transforme - Ixelles","isPartOf":{"@id":"https:\/\/culture.ixelles.be\/fr\/#website"},"primaryImageOfPage":{"@id":"https:\/\/culture.ixelles.be\/fr\/la-rentree-des-arts-visuels\/#primaryimage"},"image":{"@id":"https:\/\/culture.ixelles.be\/fr\/la-rentree-des-arts-visuels\/#primaryimage"},"thumbnailUrl":"https:\/\/culture.ixelles.be\/wp-content\/uploads\/2026\/09\/778139728_1697599692365491_2284714718376037763_n.jpg","datePublished":"2026-09-01T11:21:44+00:00","description":"Voltigez d\u2019\u00e9motions le temps d\u2019une apr\u00e8s-midi gratuite de musique, de spectacle et d'animations : partez \u00e0 la rencontre des acteurs culturels ixelloisLa rentr\u00e9e scolaire marque aussi le d\u00e9but d\u2019une nouvelle saison culturelle \u00e0 Ixelles. Pour la lancer, les partenaires culturels de la Commune vous donnent rendez-vous le samedi 19 septembre sur la place Fernand Cocq.","breadcrumb":{"@id":"https:\/\/culture.ixelles.be\/fr\/la-rentree-des-arts-visuels\/#breadcrumb"},"inLanguage":"fr-FR","potentialAction":[{"@type":"ReadAction","target":["https:\/\/culture.ixelles.be\/fr\/la-rentree-des-arts-visuels\/"]}]},{"@type":"ImageObject","inLanguage":"fr-FR","@id":"https:\/\/culture.ixelles.be\/fr\/la-rentree-des-arts-visuels\/#primaryimage","url":"https:\/\/culture.ixelles.be\/wp-content\/uploads\/2026\/09\/778139728_1697599692365491_2284714718376037763_n.jpg","contentUrl":"https:\/\/culture.ixelles.be\/wp-content\/uploads\/2026\/09\/778139728_1697599692365491_2284714718376037763_n.jpg","width":1474,"height":2048},{"@type":"BreadcrumbList","@id":"https:\/\/culture.ixelles.be\/fr\/la-rentree-des-arts-visuels\/#breadcrumb","itemListElement":[{"@type":"ListItem","position":1,"name":"Accueil","item":"https:\/\/culture.ixelles.be\/fr\/"},{"@type":"ListItem","position":2,"name":"La rentr\u00e9e des arts visuels : ce qui reste, ce qui se transforme"}]},{"@type":"WebSite","@id":"https:\/\/culture.ixelles.be\/fr\/#website","url":"https:\/\/culture.ixelles.be\/fr\/","name":"Ixelles","description":"","publisher":{"@id":"https:\/\/culture.ixelles.be\/fr\/#organization"},"potentialAction":[{"@type":"SearchAction","target":{"@type":"EntryPoint","urlTemplate":"https:\/\/culture.ixelles.be\/fr\/?s={search_term_string}"},"query-input":{"@type":"PropertyValueSpecification","valueRequired":true,"valueName":"search_term_string"}}],"inLanguage":"fr-FR"},{"@type":"Organization","@id":"https:\/\/culture.ixelles.be\/fr\/#organization","name":"Service culture Ixelles","url":"https:\/\/culture.ixelles.be\/fr\/","logo":{"@type":"ImageObject","inLanguage":"fr-FR","@id":"https:\/\/culture.ixelles.be\/fr\/#\/schema\/logo\/image\/","url":"https:\/\/culture.ixelles.be\/wp-content\/uploads\/2021\/05\/ixelles_green.svg","contentUrl":"https:\/\/culture.ixelles.be\/wp-content\/uploads\/2021\/05\/ixelles_green.svg","width":1,"height":1,"caption":"Service culture Ixelles"},"image":{"@id":"https:\/\/culture.ixelles.be\/fr\/#\/schema\/logo\/image\/"}},{"@type":"Person","@id":"https:\/\/culture.ixelles.be\/fr\/#\/schema\/person\/7928b1a8db15a0c1c763a848d3e94fc3","name":"simon_laroche","url":"https:\/\/culture.ixelles.be\/fr\/author\/simon_laroche\/"}]}},"jetpack_featured_media_url":"https:\/\/culture.ixelles.be\/wp-content\/uploads\/2026\/09\/778139728_1697599692365491_2284714718376037763_n.jpg","_links":{"self":[{"href":"https:\/\/culture.ixelles.be\/fr\/wp-json\/wp\/v2\/posts\/1989151"}],"collection":[{"href":"https:\/\/culture.ixelles.be\/fr\/wp-json\/wp\/v2\/posts"}],"about":[{"href":"https:\/\/culture.ixelles.be\/fr\/wp-json\/wp\/v2\/types\/post"}],"author":[{"embeddable":true,"href":"https:\/\/culture.ixelles.be\/fr\/wp-json\/wp\/v2\/users\/28"}],"replies":[{"embeddable":true,"href":"https:\/\/culture.ixelles.be\/fr\/wp-json\/wp\/v2\/comments?post=1989151"}],"version-history":[{"count":24,"href":"https:\/\/culture.ixelles.be\/fr\/wp-json\/wp\/v2\/posts\/1989151\/revisions"}],"predecessor-version":[{"id":1989206,"href":"https:\/\/culture.ixelles.be\/fr\/wp-json\/wp\/v2\/posts\/1989151\/revisions\/1989206"}],"wp:featuredmedia":[{"embeddable":true,"href":"https:\/\/culture.ixelles.be\/fr\/wp-json\/wp\/v2\/media\/1989201"}],"wp:attachment":[{"href":"https:\/\/culture.ixelles.be\/fr\/wp-json\/wp\/v2\/media?parent=1989151"}],"wp:term":[{"taxonomy":"category","embeddable":true,"href":"https:\/\/culture.ixelles.be\/fr\/wp-json\/wp\/v2\/categories?post=1989151"},{"taxonomy":"post_tag","embeddable":true,"href":"https:\/\/culture.ixelles.be\/fr\/wp-json\/wp\/v2\/tags?post=1989151"}],"curies":[{"name":"wp","href":"https:\/\/api.w.org\/{rel}","templated":true}]}}