{"id":1905724,"date":"2026-03-25T13:17:09","date_gmt":"2026-03-25T13:17:09","guid":{"rendered":"https:\/\/culture.ixelles.be\/?p=1905724"},"modified":"2026-04-29T10:08:55","modified_gmt":"2026-04-29T10:08:55","slug":"la-fete-de-la-musique-in-elsene","status":"publish","type":"post","link":"https:\/\/culture.ixelles.be\/nl\/la-fete-de-la-musique-in-elsene\/","title":{"rendered":"La F\u00eate de la Musique in Elsene"},"content":{"rendered":"<div class=\"wpb-content-wrapper\"><div style=\"margin-top: 0px; margin-bottom: 0px;\" class=\"sharethis-inline-share-buttons\" ><\/div><p>[vc_row][vc_column][vc_column_text css=&#8221;&#8221;]<\/p>\n<p data-start=\"0\" data-end=\"249\">Dit jaar laat Elsene de muziek buiten haar vertrouwde grenzen treden en verschillende wijken veroveren. Niet alleen met een eclectisch, rondtrekkend programma, maar ook door de openbare ruimte om te vormen tot \u00e9\u00e9n groot openluchtsalon.<\/p>\n<p data-start=\"251\" data-end=\"406\">Gezelligheid, delen en ontmoeting staan centraal. We nemen afscheid van afgesloten podia: de muziek trekt de straat op en maakt van de stad haar speelplek.<\/p>\n<p data-start=\"408\" data-end=\"788\">Van de levendige buurt rond de begraafplaats van <span class=\"hover:entity-accent entity-underline inline cursor-pointer align-baseline\"><span class=\"whitespace-normal\">Elsene<\/span><\/span> tot het vernieuwde <span class=\"hover:entity-accent entity-underline inline cursor-pointer align-baseline\"><span class=\"whitespace-normal\">Ch\u00e2telainplein<\/span><\/span>, via het <span class=\"hover:entity-accent entity-underline inline cursor-pointer align-baseline\"><span class=\"whitespace-normal\">Fernand Cocqplein<\/span><\/span> en het <span class=\"hover:entity-accent entity-underline inline cursor-pointer align-baseline\"><span class=\"whitespace-normal\">Flageyplein<\/span><\/span>: elke plek krijgt een eigen muzikale sfeer. Met jazz, wereldmuziek en concerten voor een jong publiek is er voor iedereen wel iets te ontdekken.<\/p>\n<p data-start=\"790\" data-end=\"836\" data-is-last-node=\"\" data-is-only-node=\"\">Afspraak van <strong>18 tot 21 juni<\/strong>, overal in Elsene!<\/p>\n<p>[\/vc_column_text][vc_column_text css=&#8221;&#8221;]<\/p>\n<h1 style=\"text-align: center;\">PROGRAMMA<\/h1>\n<p>[\/vc_column_text][\/vc_column][\/vc_row][vc_row][vc_column][vc_column_text css=&#8221;&#8221;]<\/p>\n<h2 style=\"text-align: center;\"><span style=\"color: #993366;\"><strong>Dinderdag 18 juni 2026<\/strong><\/span><\/h2>\n<p>[\/vc_column_text][\/vc_column][\/vc_row][vc_row][vc_column width=&#8221;1\/2&#8243;][vc_column_text css=&#8221;&#8221;]<\/p>\n<h2><span style=\"color: #33cccc;\">CalligraFFerz<\/span><\/h2>\n<p>[\/vc_column_text][vc_single_image image=&#8221;1896270&#8243; css=&#8221;&#8221;][vc_column_text css=&#8221;&#8221;]<\/p>\n<p data-start=\"0\" data-end=\"334\">CalligraFFerz presenteert zich als een dynamische mix waarin de groove van hiphop, de diepgang van jazz en de sfeervolle klanklagen van triphop naadloos samenkomen. Gedreven door de wil om de nuances van menselijke emoties via improvisatie te vertalen, ontwikkelt de band een muzikale taal die tegelijk vrij, gevoelig en doorleefd is.<\/p>\n<p data-start=\"336\" data-end=\"816\">Centraal in dat geluid staat het spel van Th\u00e9o F\u00fceg op toetsen, dat elke compositie een bijzondere rijkdom en diepte geeft. Yannick Heselle legt met zijn strakke en organische baslijnen een stevige basis en houdt het geheel mooi in balans. Thomas Dimmers zorgt voor de drive, met subtiel en bezield drumwerk dat de muziek spanning en ademruimte geeft. Arnaud Guichard brengt een verfijnde en beheerste vorm van improvisatie, steeds balancerend tussen ingetogenheid en intensiteit.<\/p>\n<p data-start=\"818\" data-end=\"1030\">De groep werkt regelmatig samen met rapper <span class=\"hover:entity-accent entity-underline inline cursor-pointer align-baseline\"><span class=\"whitespace-normal\">Dynamic Douma<\/span><\/span>, wiens flow \u2014 geworteld in de stijl van de jaren 90, een directe \u00e9n po\u00ebtische laag toevoegt aan hun voortdurend evoluerende sound.<\/p>\n<p data-start=\"1032\" data-end=\"1141\"><strong data-start=\"1032\" data-end=\"1043\">LINE-UP<\/strong><\/p>\n<p data-start=\"1032\" data-end=\"1141\"><br data-start=\"1043\" data-end=\"1046\" \/>Thomas Dimmers: drums<br data-start=\"1067\" data-end=\"1070\" \/>Yannick Heselle: bas<br data-start=\"1090\" data-end=\"1093\" \/>Th\u00e9o F\u00fceg: toetsen<br data-start=\"1111\" data-end=\"1114\" \/>Arnaud Guichard: saxofoon<\/p>\n<p data-start=\"1143\" data-end=\"1189\">Instagram: instagram.com\/calligrafferz.muzik<\/p>\n<p data-start=\"1191\" data-end=\"1291\">Spotify:<br data-start=\"1199\" data-end=\"1202\" \/><a class=\"decorated-link\" href=\"https:\/\/open.spotify.com\/intl-fr\/album\/2WqBBhWIwLO5X8wRQ0upTB?si=pEh94E3CSt-LCjyHaGEo3w\" target=\"_new\" rel=\"noopener\" data-start=\"1202\" data-end=\"1289\">https:\/\/open.spotify.com\/intl-fr\/album\/2WqBBhWIwLO5X8wRQ0upTB?si=pEh94E3CSt-LCjyHaGEo3w<\/a><\/p>\n<p data-start=\"1293\" data-end=\"1347\" data-is-last-node=\"\" data-is-only-node=\"\"><strong data-start=\"1293\" data-end=\"1312\">Praktische info<\/strong><\/p>\n<p data-start=\"1293\" data-end=\"1347\" data-is-last-node=\"\" data-is-only-node=\"\"><br data-start=\"1312\" data-end=\"1315\" \/>Uur: 20u<br data-start=\"1323\" data-end=\"1326\" \/>Locatie: Le Tavernier<\/p>\n<p>[\/vc_column_text][\/vc_column][vc_column width=&#8221;1\/2&#8243;][vc_column_text css=&#8221;&#8221;]<\/p>\n<h2><span style=\"color: #33cccc;\">Under The Reefs Orchestra<\/span><\/h2>\n<p>[\/vc_column_text][vc_single_image image=&#8221;1896273&#8243; css=&#8221;&#8221;][vc_column_text css=&#8221;&#8221;]<\/p>\n<section class=\"text-token-text-primary w-full focus:outline-none [--shadow-height:45px] has-data-writing-block:pointer-events-none has-data-writing-block:-mt-(--shadow-height) has-data-writing-block:pt-(--shadow-height) [&amp;:has([data-writing-block])&gt;*]:pointer-events-auto [content-visibility:auto] supports-[content-visibility:auto]:[contain-intrinsic-size:auto_100lvh] R6Vx5W_threadScrollVars scroll-mb-[calc(var(--scroll-root-safe-area-inset-bottom,0px)+var(--thread-response-height))] scroll-mt-[calc(var(--header-height)+min(200px,max(70px,20svh)))]\" dir=\"auto\" data-turn-id=\"request-WEB:890f399e-c3f5-4103-923c-1bfc10b2c3ec-2\" data-testid=\"conversation-turn-6\" data-scroll-anchor=\"false\" data-turn=\"assistant\">\n<div class=\"text-base my-auto mx-auto pb-10 [--thread-content-margin:var(--thread-content-margin-xs,calc(var(--spacing)*4))] @w-sm\/main:[--thread-content-margin:var(--thread-content-margin-sm,calc(var(--spacing)*6))] @w-lg\/main:[--thread-content-margin:var(--thread-content-margin-lg,calc(var(--spacing)*16))] px-(--thread-content-margin)\">\n<div class=\"[--thread-content-max-width:40rem] @w-lg\/main:[--thread-content-max-width:48rem] mx-auto max-w-(--thread-content-max-width) flex-1 group\/turn-messages focus-visible:outline-hidden relative flex w-full min-w-0 flex-col agent-turn\">\n<div class=\"flex max-w-full flex-col gap-4 grow\">\n<div class=\"min-h-8 text-message relative flex w-full flex-col items-end gap-2 text-start break-words whitespace-normal outline-none keyboard-focused:focus-ring [.text-message+&amp;]:mt-1\" dir=\"auto\" tabindex=\"0\" data-message-author-role=\"assistant\" data-message-id=\"f657565b-b7cb-4110-8e32-729f78b33e94\" data-message-model-slug=\"gpt-5-3\" data-turn-start-message=\"true\">\n<div class=\"flex w-full flex-col gap-1 empty:hidden\">\n<div class=\"markdown prose dark:prose-invert w-full wrap-break-word light markdown-new-styling\">\n<p data-start=\"0\" data-end=\"506\">Het Brusselse instrumentale powertrio Under The Reefs Orchestra bevindt zich op het kruispunt van experimentele jazz en post-rock. Gitarist en componist Cl\u00e9ment Nourry, ook bekend van zijn samenwerkingen met Yoka\u00ef en Nicolas Michaux, wordt bijgestaan door saxofonist Marti Melia (Flat Earth Society) en drummer Jakob Warmenbol (Don Kapot). De naam van de band verraadt hun ambitie: als trio streven ze ernaar een groots en rijk geluid neer te zetten dat de lading van het woord \u201corchestra\u201d volledig dekt.<\/p>\n<p data-start=\"508\" data-end=\"745\">In de geest van visionaire artiesten zoals <span class=\"hover:entity-accent entity-underline inline cursor-pointer align-baseline\"><span class=\"whitespace-normal\">Moondog<\/span><\/span> en <span class=\"hover:entity-accent entity-underline inline cursor-pointer align-baseline\"><span class=\"whitespace-normal\">Morphine<\/span><\/span> nodigt het trio je uit voor een sprong in het onbekende, met een sound die groter klinkt dan de som van haar delen.<\/p>\n<\/div>\n<div class=\"markdown prose dark:prose-invert w-full wrap-break-word light markdown-new-styling\">\n<p data-start=\"747\" data-end=\"837\"><strong data-start=\"747\" data-end=\"758\">LINE-UP<\/strong><\/p>\n<p data-start=\"747\" data-end=\"837\"><br data-start=\"758\" data-end=\"761\" \/>Cl\u00e9ment Nourry \u2013 gitaar<br data-start=\"784\" data-end=\"787\" \/>Marti Melia \u2013 saxofoon<br data-start=\"809\" data-end=\"812\" \/>Jakob Warmenbol \u2013 drums<\/p>\n<p data-start=\"839\" data-end=\"901\">Instagram: <a class=\"decorated-link\" href=\"https:\/\/www.instagram.com\/underthereefsorchestra\/\" target=\"_new\" rel=\"noopener\" data-start=\"850\" data-end=\"899\">https:\/\/www.instagram.com\/underthereefsorchestra\/<\/a><\/p>\n<p data-start=\"903\" data-end=\"957\" data-is-last-node=\"\" data-is-only-node=\"\"><strong data-start=\"903\" data-end=\"922\">Praktische info<\/strong><\/p>\n<p data-start=\"903\" data-end=\"957\" data-is-last-node=\"\" data-is-only-node=\"\"><br data-start=\"922\" data-end=\"925\" \/>Uur: 21u<br data-start=\"933\" data-end=\"936\" \/>Locatie: Le Tavernier<\/p>\n<\/div>\n<\/div>\n<\/div>\n<\/div>\n<div class=\"z-0 flex min-h-[46px] justify-start\"><\/div>\n<div class=\"mt-3 w-full empty:hidden\">\n<div class=\"text-center\"><\/div>\n<\/div>\n<\/div>\n<\/div>\n<\/section>\n<div class=\"pointer-events-none -mt-px h-px translate-y-[calc(var(--scroll-root-safe-area-inset-bottom)-14*var(--spacing))]\" aria-hidden=\"true\"><\/div>\n<p>[\/vc_column_text][\/vc_column][\/vc_row][vc_row][vc_column][vc_column_text css=&#8221;&#8221;]<\/p>\n<h2 style=\"text-align: center;\"><span style=\"color: #993366;\"><strong>Vrijdag 19 juni 2026<\/strong><\/span><\/h2>\n<p>[\/vc_column_text][\/vc_column][\/vc_row][vc_row][vc_column][vc_column_text css=&#8221;&#8221;]<\/p>\n<h2><span style=\"color: #33cccc;\">All That Swing<\/span><\/h2>\n<p>[\/vc_column_text][vc_single_image image=&#8221;1889771&#8243; css=&#8221;&#8221;][vc_column_text css=&#8221;&#8221;]<\/p>\n<section class=\"text-token-text-primary w-full focus:outline-none [--shadow-height:45px] has-data-writing-block:pointer-events-none has-data-writing-block:-mt-(--shadow-height) has-data-writing-block:pt-(--shadow-height) [&amp;:has([data-writing-block])&gt;*]:pointer-events-auto [content-visibility:auto] supports-[content-visibility:auto]:[contain-intrinsic-size:auto_100lvh] R6Vx5W_threadScrollVars scroll-mb-[calc(var(--scroll-root-safe-area-inset-bottom,0px)+var(--thread-response-height))] scroll-mt-[calc(var(--header-height)+min(200px,max(70px,20svh)))]\" dir=\"auto\" data-turn-id=\"request-WEB:890f399e-c3f5-4103-923c-1bfc10b2c3ec-7\" data-testid=\"conversation-turn-16\" data-scroll-anchor=\"false\" data-turn=\"assistant\">\n<div class=\"text-base my-auto mx-auto pb-10 [--thread-content-margin:var(--thread-content-margin-xs,calc(var(--spacing)*4))] @w-sm\/main:[--thread-content-margin:var(--thread-content-margin-sm,calc(var(--spacing)*6))] @w-lg\/main:[--thread-content-margin:var(--thread-content-margin-lg,calc(var(--spacing)*16))] px-(--thread-content-margin)\">\n<div class=\"[--thread-content-max-width:40rem] @w-lg\/main:[--thread-content-max-width:48rem] mx-auto max-w-(--thread-content-max-width) flex-1 group\/turn-messages focus-visible:outline-hidden relative flex w-full min-w-0 flex-col agent-turn\">\n<div class=\"flex max-w-full flex-col gap-4 grow\">\n<div class=\"min-h-8 text-message relative flex w-full flex-col items-end gap-2 text-start break-words whitespace-normal outline-none keyboard-focused:focus-ring [.text-message+&amp;]:mt-1\" dir=\"auto\" tabindex=\"0\" data-message-author-role=\"assistant\" data-message-id=\"05043bc8-6e68-49eb-93d8-ecae72ad276d\" data-message-model-slug=\"gpt-5-3-mini\" data-turn-start-message=\"true\">\n<div class=\"flex w-full flex-col gap-1 empty:hidden\">\n<div class=\"markdown prose dark:prose-invert w-full wrap-break-word light markdown-new-styling\">\n<p data-start=\"0\" data-end=\"271\">Gla\u00efeuls organiseert de eerste editie van <strong data-start=\"42\" data-end=\"63\">\u201cAll That Swing!\u201d<\/strong>, een evenement dat een swingdansinitiatie combineert met een liveconcert. Het recent vernieuwde Ch\u00e2telainplein vormt vandaag een warme, uitnodigende plek die perfect is voor ontmoeting en gezellig samenzijn.<\/p>\n<p data-start=\"273\" data-end=\"462\">Om deze nieuwe openbare ruimte in de kijker te zetten en er een positieve dynamiek in te brengen, wordt er een participatief en verbindend moment gecre\u00eberd rond de wereld van swing en jazz.<\/p>\n<p data-start=\"464\" data-end=\"523\">Een teaser video geeft alvast een voorproefje van de sfeer.<\/p>\n<p data-start=\"525\" data-end=\"546\"><strong data-start=\"525\" data-end=\"544\">Praktische info<\/strong><\/p>\n<p data-start=\"548\" data-end=\"637\"><strong data-start=\"548\" data-end=\"556\">Uur:<\/strong><br data-start=\"556\" data-end=\"559\" \/>18u \u2013 18u45: initiatie swingdans<br data-start=\"591\" data-end=\"594\" \/>18u45 \u2013 20u: demonstratie en swingconcert<\/p>\n<p data-start=\"639\" data-end=\"689\" data-is-last-node=\"\" data-is-only-node=\"\"><strong data-start=\"639\" data-end=\"651\">Locatie:<\/strong> <span class=\"hover:entity-accent entity-underline inline cursor-pointer align-baseline\"><span class=\"whitespace-normal\">Ch\u00e2telainplein<\/span><\/span><\/p>\n<\/div>\n<\/div>\n<\/div>\n<\/div>\n<div class=\"z-0 flex min-h-[46px] justify-start\"><\/div>\n<div class=\"mt-3 w-full empty:hidden\">\n<div class=\"text-center\"><\/div>\n<\/div>\n<\/div>\n<\/div>\n<\/section>\n<div class=\"pointer-events-none -mt-px h-px translate-y-[calc(var(--scroll-root-safe-area-inset-bottom)-14*var(--spacing))]\" aria-hidden=\"true\"><\/div>\n<p>[\/vc_column_text][\/vc_column][\/vc_row][vc_row][vc_column][vc_column_text css=&#8221;&#8221;]<\/p>\n<h2 style=\"text-align: center;\"><span style=\"color: #993366;\"><strong>Zaterdag 20 juni 2026<\/strong><\/span><\/h2>\n<p>[\/vc_column_text][\/vc_column][\/vc_row][vc_row][vc_column width=&#8221;1\/2&#8243;][vc_column_text css=&#8221;&#8221;]<\/p>\n<h2 style=\"text-align: left;\"><span style=\"color: #33cccc;\">La Groovista<\/span><\/h2>\n<p>[\/vc_column_text][vc_single_image image=&#8221;1896255&#8243; css=&#8221;&#8221;][vc_column_text css=&#8221;&#8221;]<\/p>\n<p data-start=\"0\" data-end=\"396\">La Groovista is een zeskoppig percussiecollectief dat bruist van energie, speelsheid en levensvreugde. Deze hechte groep laat zich inspireren door afrocubaanse, Braziliaanse, Beninese en creoolse tradities, en vertaalt die invloeden naar een eigen, krachtige sound. Met hun muziek brengen ze een rijk en intens erfgoed tot leven, gedragen door een uitgesproken en zelfbewuste vrouwelijke energie.<\/p>\n<p data-start=\"398\" data-end=\"817\">Met hun persoonlijke arrangementen eigenen ze zich ritmes toe die traditioneel vaak door mannen worden gespeeld. Zo verweven ze traditie en vernieuwing tot een subtiel maar tegelijk krachtig geheel. La Groovista is een rondtrekkend spektakel: sprankelend, meeslepend en onweerstaanbaar. Hun missie? Het groove-gevoel in iedereen wakker maken. Bereid je voor om mee te deinen, La Groovista laat je gegarandeerd bewegen!<\/p>\n<p data-start=\"819\" data-end=\"898\" data-is-last-node=\"\" data-is-only-node=\"\"><strong data-start=\"819\" data-end=\"838\">Praktische info<\/strong><\/p>\n<p data-start=\"819\" data-end=\"898\" data-is-last-node=\"\" data-is-only-node=\"\">Uur: 19u<br data-start=\"849\" data-end=\"852\" data-is-only-node=\"\" \/>Locatie: <span class=\"hover:entity-accent entity-underline inline cursor-pointer align-baseline\"><span class=\"whitespace-normal\">Fernand Cocqplein<\/span><\/span><\/p>\n<p>[\/vc_column_text][\/vc_column][vc_column width=&#8221;1\/2&#8243;][vc_column_text css=&#8221;&#8221;]<\/p>\n<h2 style=\"text-align: left;\"><span style=\"color: #33cccc;\">Turkish Kebap<\/span><\/h2>\n<p>[\/vc_column_text][vc_single_image image=&#8221;1889810&#8243; css=&#8221;&#8221;][vc_column_text css=&#8221;&#8221;]<\/p>\n<p data-start=\"0\" data-end=\"300\">Hun muzikale univers haalt inspiratie uit de rijke traditie van Turkse psychedelische folkrock uit de jaren 70, aangevuld met moderne klanken. Turkish Kebap brengt een verfijnde mix van meeslepende ritmes en betoverende melodie\u00ebn, en neemt je mee op ontdekking door onverwachte muzikale landschappen.<\/p>\n<p data-start=\"302\" data-end=\"535\">Als een eeuwenoud recept dat door de tijd heen bewaard is gebleven, behoudt hun muziek haar volle smaak en roept ze een gevoel op van vrijheid en vitaliteit. Een uitnodiging om grenzen te overstijgen en even buiten de tijd te reizen.<\/p>\n<p data-start=\"537\" data-end=\"599\"><strong data-start=\"537\" data-end=\"551\">\u201cEyvallah\u201d<\/strong><br data-start=\"551\" data-end=\"554\" \/><a class=\"decorated-link\" href=\"https:\/\/www.youtube.com\/watch?v=Vs_DG2ikYQQ\" target=\"_new\" rel=\"noopener\" data-start=\"554\" data-end=\"597\">https:\/\/www.youtube.com\/watch?v=Vs_DG2ikYQQ<\/a><\/p>\n<p data-start=\"601\" data-end=\"674\"><strong data-start=\"601\" data-end=\"626\">\u201cSigaras\u0131 Yald\u0131zl\u0131la\u201d<\/strong><br data-start=\"626\" data-end=\"629\" \/><a class=\"decorated-link\" href=\"https:\/\/www.youtube.com\/watch?v=_z4n-ikUQEk\" target=\"_new\" rel=\"noopener\" data-start=\"629\" data-end=\"672\">https:\/\/www.youtube.com\/watch?v=_z4n-ikUQEk<\/a><\/p>\n<p data-start=\"676\" data-end=\"757\" data-is-last-node=\"\" data-is-only-node=\"\"><strong data-start=\"676\" data-end=\"695\">Praktische info<\/strong><\/p>\n<p data-start=\"676\" data-end=\"757\" data-is-last-node=\"\" data-is-only-node=\"\">Uur: 20u30<br data-start=\"708\" data-end=\"711\" \/>Locatie: <span class=\"hover:entity-accent entity-underline inline cursor-pointer align-baseline\"><span class=\"whitespace-normal\">Fernand Cocqplein<\/span><\/span><\/p>\n<p>[\/vc_column_text][\/vc_column][\/vc_row][vc_row][vc_column][vc_column_text css=&#8221;&#8221;]<\/p>\n<h2 style=\"text-align: center;\"><span style=\"color: #993366;\"><strong>Zondag 21 juni 2026<\/strong><\/span><\/h2>\n<p>[\/vc_column_text][\/vc_column][\/vc_row][vc_row][vc_column width=&#8221;1\/2&#8243;][vc_column_text css=&#8221;&#8221;]<\/p>\n<h2 style=\"text-align: left;\"><span style=\"color: #33cccc;\">Mam\u00e9mo<\/span><\/h2>\n<p>[\/vc_column_text][vc_single_image image=&#8221;1896261&#8243; css=&#8221;&#8221;][vc_column_text css=&#8221;&#8221;]<\/p>\n<p data-start=\"0\" data-end=\"18\">Hoera, vakantie!<\/p>\n<p data-start=\"20\" data-end=\"270\">Mamemo en zijn beroemde koe zijn weer op pad\u2026 richting de zon! In deze gloednieuwe voorstelling nemen drie muzikanten je al zingend mee op reis door de seizoenen. Van de herfst tot de zomer: er wordt gezongen, gedanst en vooral volop plezier gemaakt!<\/p>\n<p data-start=\"272\" data-end=\"634\">Duik in de vrolijke en eigenzinnige wereld van Mamemo: zwem als vissen in de zee, ga kamperen onder de sterrenhemel en laat je meeslepen door een feestelijk concert vol grootste Mamemo-hits. Een kleurrijke show die zowel jong als oud weet te bekoren. Kom mee zingen en genieten, samen met drie artiesten die garant staan voor een flinke dosis energie en plezier!<\/p>\n<p data-start=\"636\" data-end=\"975\"><strong data-start=\"636\" data-end=\"655\">Zang en muziek:<\/strong> Olympia Boyle, Gabriel Seize en Arnaud H\u00e9ron<br data-start=\"700\" data-end=\"703\" \/><strong data-start=\"703\" data-end=\"713\">Regie:<\/strong> C\u00e9cile Delberghe en C\u00e9line Struelens<br data-start=\"750\" data-end=\"753\" \/><strong data-start=\"753\" data-end=\"773\" data-is-only-node=\"\">Licht en foto\u2019s:<\/strong> Benjamin Struelens<br data-start=\"792\" data-end=\"795\" \/><strong data-start=\"795\" data-end=\"807\">Teksten:<\/strong> Olivier Battesti en Martine Peters<br data-start=\"842\" data-end=\"845\" \/><strong data-start=\"845\" data-end=\"871\">Uitvoerende productie:<\/strong> Thomas Pr\u00e9dour<br data-start=\"886\" data-end=\"889\" \/>Een productie van Mamemo en \u00e9mozon, met de steun van Fragan en La Maison qui Chante.<\/p>\n<p data-start=\"977\" data-end=\"1103\" data-is-last-node=\"\" data-is-only-node=\"\"><strong data-start=\"977\" data-end=\"996\">Praktische info<\/strong><\/p>\n<p data-start=\"977\" data-end=\"1103\" data-is-last-node=\"\" data-is-only-node=\"\"><br data-start=\"996\" data-end=\"999\" \/>Uur: 15u (duur: 50 minuten)<br data-start=\"1026\" data-end=\"1029\" \/>Locatie: <span class=\"hover:entity-accent entity-underline inline cursor-pointer align-baseline\"><span class=\"whitespace-normal\">Place Sainte-Croix<\/span><\/span><br data-start=\"1075\" data-end=\"1078\" data-is-only-node=\"\" \/>Leeftijd: vanaf 3 jaar \ud83c\udf88<\/p>\n<p>[\/vc_column_text][\/vc_column][vc_column width=&#8221;1\/2&#8243;][vc_column_text css=&#8221;&#8221;]<\/p>\n<h2 style=\"text-align: left;\"><span style=\"color: #33cccc;\">Monsieur Nicolas<\/span><\/h2>\n<p>[\/vc_column_text][vc_single_image image=&#8221;1896258&#8243; css=&#8221;&#8221;][vc_column_text css=&#8221;&#8221;]<\/p>\n<p data-start=\"0\" data-end=\"29\"><strong data-start=\"0\" data-end=\"29\">Met je hoofd in de wolken<\/strong><\/p>\n<p data-start=\"31\" data-end=\"309\">Meneer Nicolas, zanger en gitarist, en Emile, multi-instrumentalist, vertellen het verhaal van een jongetje dat de bijnaam \u201cMeneer Nee-Nee\u201d krijgt. Deze kleine avonturier beleeft allerlei wonderlijke belevenissen in de wolken, waar hij naartoe reist\u2026 op een gigantische zeepbel!<\/p>\n<p data-start=\"311\" data-end=\"785\">In dit verhaal, doorspekt met liedjes en verrassingen, worden kinderen ondergedompeld in een magische wereld waar prinsessen, monsters, dinosaurussen en brandweermannen elkaar ontmoeten. Een plek waar alles mogelijk is. Tijdens de voorstelling nodigt Meneer Nicolas de kinderen uit om mee te zingen, te dansen, te stampen, dierengeluiden te maken en hun eigen idee\u00ebn en gekke ingevingen te delen. Een betoverende, grappige en ontroerende show voor kinderen van 3 tot 8 jaar.<\/p>\n<p data-start=\"787\" data-end=\"937\"><strong data-start=\"787\" data-end=\"825\">Tekst, muziek, compositie en zang:<\/strong> Monsieur Nicolas<br data-start=\"842\" data-end=\"845\" \/><strong data-start=\"845\" data-end=\"884\">Multi-instrumentalist en performer:<\/strong> Emile<br data-start=\"890\" data-end=\"893\" \/><strong data-start=\"893\" data-end=\"920\" data-is-only-node=\"\">Auteur van het verhaal:<\/strong> Julie de Wever<\/p>\n<p data-start=\"939\" data-end=\"1048\" data-is-last-node=\"\" data-is-only-node=\"\"><strong data-start=\"939\" data-end=\"958\">Praktische info<\/strong><\/p>\n<p data-start=\"939\" data-end=\"1048\" data-is-last-node=\"\" data-is-only-node=\"\"><br data-start=\"958\" data-end=\"961\" \/>Uur: 16u30<br data-start=\"971\" data-end=\"974\" \/>Locatie: <span class=\"hover:entity-accent entity-underline inline cursor-pointer align-baseline\"><span class=\"whitespace-normal\">Place Sainte-Croix<\/span><\/span><br data-start=\"1020\" data-end=\"1023\" data-is-only-node=\"\" \/>Leeftijd: vanaf 3 jaar \ud83c\udf88<\/p>\n<p>[\/vc_column_text][\/vc_column][\/vc_row][vc_row][vc_column][vc_separator css=&#8221;&#8221;][\/vc_column][\/vc_row][vc_row][vc_column][vc_column_text css=&#8221;&#8221;]<\/p>\n<h2 style=\"text-align: left;\"><span style=\"color: #993366;\"><strong>In samenwerking met<\/strong><\/span><\/h2>\n<ul>\n<li><a href=\"http:\/\/instagram.com\/welcometobelgium_music\">Welcome to Belgium<\/a><\/li>\n<li><a href=\"https:\/\/www.glaieuls.com\/\">Gla\u00efeuls<\/a><\/li>\n<li><a href=\"https:\/\/www.lamaisonquichante.be\/\">La Maison Qui Chante<\/a><\/li>\n<\/ul>\n<p>[\/vc_column_text][\/vc_column][\/vc_row]<\/p>\n<\/div>","protected":false},"excerpt":{"rendered":"<p>[vc_row][vc_column][vc_column_text css=&#8221;&#8221;] Dit jaar laat Elsene de muziek buiten haar vertrouwde grenzen treden en verschillende wijken veroveren. Niet alleen met een eclectisch, rondtrekkend programma, maar ook door de openbare ruimte om te vormen tot \u00e9\u00e9n groot openluchtsalon. Gezelligheid, delen en ontmoeting staan centraal. We nemen afscheid van afgesloten podia: de muziek trekt de straat op [&hellip;]<\/p>\n","protected":false},"author":27,"featured_media":1896280,"comment_status":"closed","ping_status":"closed","sticky":false,"template":"","format":"standard","meta":{"_acf_changed":false,"_monsterinsights_skip_tracking":false,"_monsterinsights_sitenote_active":false,"_monsterinsights_sitenote_note":"","_monsterinsights_sitenote_category":0,"footnotes":""},"categories":[192,125,186,188],"tags":[],"acf":[],"yoast_head":"<!-- This site is optimized with the Yoast SEO plugin v24.5 - https:\/\/yoast.com\/wordpress\/plugins\/seo\/ -->\n<title>La F\u00eate de la Musique in Elsene - Ixelles<\/title>\n<meta name=\"robots\" content=\"index, follow, max-snippet:-1, max-image-preview:large, max-video-preview:-1\" \/>\n<link rel=\"canonical\" href=\"https:\/\/culture.ixelles.be\/nl\/la-fete-de-la-musique-in-elsene\/\" \/>\n<meta property=\"og:locale\" content=\"nl_NL\" \/>\n<meta property=\"og:type\" content=\"article\" \/>\n<meta property=\"og:title\" content=\"La F\u00eate de la Musique in Elsene - Ixelles\" \/>\n<meta property=\"og:description\" content=\"[vc_row][vc_column][vc_column_text css=&#8221;&#8221;] Dit jaar laat Elsene de muziek buiten haar vertrouwde grenzen treden en verschillende wijken veroveren. Niet alleen met een eclectisch, rondtrekkend programma, maar ook door de openbare ruimte om te vormen tot \u00e9\u00e9n groot openluchtsalon. Gezelligheid, delen en ontmoeting staan centraal. We nemen afscheid van afgesloten podia: de muziek trekt de straat op [&hellip;]\" \/>\n<meta property=\"og:url\" content=\"https:\/\/culture.ixelles.be\/nl\/la-fete-de-la-musique-in-elsene\/\" \/>\n<meta property=\"og:site_name\" content=\"Ixelles\" \/>\n<meta property=\"article:published_time\" content=\"2026-03-25T13:17:09+00:00\" \/>\n<meta property=\"article:modified_time\" content=\"2026-04-29T10:08:55+00:00\" \/>\n<meta property=\"og:image\" content=\"https:\/\/culture.ixelles.be\/wp-content\/uploads\/2026\/03\/FDM-2025-A2-GEN-SANS-LOGOS-731x1024.jpg\" \/>\n\t<meta property=\"og:image:width\" content=\"731\" \/>\n\t<meta property=\"og:image:height\" content=\"1024\" \/>\n\t<meta property=\"og:image:type\" content=\"image\/jpeg\" \/>\n<meta name=\"author\" content=\"Sara Vanhegen\" \/>\n<meta name=\"twitter:card\" content=\"summary_large_image\" \/>\n<meta name=\"twitter:label1\" content=\"Geschreven door\" \/>\n\t<meta name=\"twitter:data1\" content=\"Sara Vanhegen\" \/>\n\t<meta name=\"twitter:label2\" content=\"Geschatte leestijd\" \/>\n\t<meta name=\"twitter:data2\" content=\"8 minuten\" \/>\n<script type=\"application\/ld+json\" class=\"yoast-schema-graph\">{\"@context\":\"https:\/\/schema.org\",\"@graph\":[{\"@type\":\"Article\",\"@id\":\"https:\/\/culture.ixelles.be\/nl\/la-fete-de-la-musique-in-elsene\/#article\",\"isPartOf\":{\"@id\":\"https:\/\/culture.ixelles.be\/nl\/la-fete-de-la-musique-in-elsene\/\"},\"author\":{\"name\":\"Sara Vanhegen\",\"@id\":\"https:\/\/culture.ixelles.be\/nl\/#\/schema\/person\/8a8a57f356e2d06370ce945b2c01f57b\"},\"headline\":\"La F\u00eate de la Musique in Elsene\",\"datePublished\":\"2026-03-25T13:17:09+00:00\",\"dateModified\":\"2026-04-29T10:08:55+00:00\",\"mainEntityOfPage\":{\"@id\":\"https:\/\/culture.ixelles.be\/nl\/la-fete-de-la-musique-in-elsene\/\"},\"wordCount\":1419,\"publisher\":{\"@id\":\"https:\/\/culture.ixelles.be\/nl\/#organization\"},\"image\":{\"@id\":\"https:\/\/culture.ixelles.be\/nl\/la-fete-de-la-musique-in-elsene\/#primaryimage\"},\"thumbnailUrl\":\"https:\/\/culture.ixelles.be\/wp-content\/uploads\/2026\/03\/FDM-2025-A2-GEN-SANS-LOGOS.jpg\",\"articleSection\":[\"Evenementen\",\"Geen onderdeel van een categorie\",\"In de kijker\",\"Pinned article\"],\"inLanguage\":\"nl-NL\"},{\"@type\":\"WebPage\",\"@id\":\"https:\/\/culture.ixelles.be\/nl\/la-fete-de-la-musique-in-elsene\/\",\"url\":\"https:\/\/culture.ixelles.be\/nl\/la-fete-de-la-musique-in-elsene\/\",\"name\":\"La F\u00eate de la Musique in Elsene - Ixelles\",\"isPartOf\":{\"@id\":\"https:\/\/culture.ixelles.be\/nl\/#website\"},\"primaryImageOfPage\":{\"@id\":\"https:\/\/culture.ixelles.be\/nl\/la-fete-de-la-musique-in-elsene\/#primaryimage\"},\"image\":{\"@id\":\"https:\/\/culture.ixelles.be\/nl\/la-fete-de-la-musique-in-elsene\/#primaryimage\"},\"thumbnailUrl\":\"https:\/\/culture.ixelles.be\/wp-content\/uploads\/2026\/03\/FDM-2025-A2-GEN-SANS-LOGOS.jpg\",\"datePublished\":\"2026-03-25T13:17:09+00:00\",\"dateModified\":\"2026-04-29T10:08:55+00:00\",\"breadcrumb\":{\"@id\":\"https:\/\/culture.ixelles.be\/nl\/la-fete-de-la-musique-in-elsene\/#breadcrumb\"},\"inLanguage\":\"nl-NL\",\"potentialAction\":[{\"@type\":\"ReadAction\",\"target\":[\"https:\/\/culture.ixelles.be\/nl\/la-fete-de-la-musique-in-elsene\/\"]}]},{\"@type\":\"ImageObject\",\"inLanguage\":\"nl-NL\",\"@id\":\"https:\/\/culture.ixelles.be\/nl\/la-fete-de-la-musique-in-elsene\/#primaryimage\",\"url\":\"https:\/\/culture.ixelles.be\/wp-content\/uploads\/2026\/03\/FDM-2025-A2-GEN-SANS-LOGOS.jpg\",\"contentUrl\":\"https:\/\/culture.ixelles.be\/wp-content\/uploads\/2026\/03\/FDM-2025-A2-GEN-SANS-LOGOS.jpg\",\"width\":5136,\"height\":7191},{\"@type\":\"BreadcrumbList\",\"@id\":\"https:\/\/culture.ixelles.be\/nl\/la-fete-de-la-musique-in-elsene\/#breadcrumb\",\"itemListElement\":[{\"@type\":\"ListItem\",\"position\":1,\"name\":\"Accueil\",\"item\":\"https:\/\/culture.ixelles.be\/nl\/\"},{\"@type\":\"ListItem\",\"position\":2,\"name\":\"La F\u00eate de la Musique in Elsene\"}]},{\"@type\":\"WebSite\",\"@id\":\"https:\/\/culture.ixelles.be\/nl\/#website\",\"url\":\"https:\/\/culture.ixelles.be\/nl\/\",\"name\":\"Ixelles\",\"description\":\"\",\"publisher\":{\"@id\":\"https:\/\/culture.ixelles.be\/nl\/#organization\"},\"potentialAction\":[{\"@type\":\"SearchAction\",\"target\":{\"@type\":\"EntryPoint\",\"urlTemplate\":\"https:\/\/culture.ixelles.be\/nl\/?s={search_term_string}\"},\"query-input\":{\"@type\":\"PropertyValueSpecification\",\"valueRequired\":true,\"valueName\":\"search_term_string\"}}],\"inLanguage\":\"nl-NL\"},{\"@type\":\"Organization\",\"@id\":\"https:\/\/culture.ixelles.be\/nl\/#organization\",\"name\":\"Service culture Ixelles\",\"url\":\"https:\/\/culture.ixelles.be\/nl\/\",\"logo\":{\"@type\":\"ImageObject\",\"inLanguage\":\"nl-NL\",\"@id\":\"https:\/\/culture.ixelles.be\/nl\/#\/schema\/logo\/image\/\",\"url\":\"https:\/\/culture.ixelles.be\/wp-content\/uploads\/2021\/05\/ixelles_green.svg\",\"contentUrl\":\"https:\/\/culture.ixelles.be\/wp-content\/uploads\/2021\/05\/ixelles_green.svg\",\"width\":1,\"height\":1,\"caption\":\"Service culture Ixelles\"},\"image\":{\"@id\":\"https:\/\/culture.ixelles.be\/nl\/#\/schema\/logo\/image\/\"}},{\"@type\":\"Person\",\"@id\":\"https:\/\/culture.ixelles.be\/nl\/#\/schema\/person\/8a8a57f356e2d06370ce945b2c01f57b\",\"name\":\"Sara Vanhegen\",\"url\":\"https:\/\/culture.ixelles.be\/nl\/author\/sara-vanhegenixelles-brussels\/\"}]}<\/script>\n<!-- \/ Yoast SEO plugin. -->","yoast_head_json":{"title":"La F\u00eate de la Musique in Elsene - Ixelles","robots":{"index":"index","follow":"follow","max-snippet":"max-snippet:-1","max-image-preview":"max-image-preview:large","max-video-preview":"max-video-preview:-1"},"canonical":"https:\/\/culture.ixelles.be\/nl\/la-fete-de-la-musique-in-elsene\/","og_locale":"nl_NL","og_type":"article","og_title":"La F\u00eate de la Musique in Elsene - Ixelles","og_description":"[vc_row][vc_column][vc_column_text css=&#8221;&#8221;] Dit jaar laat Elsene de muziek buiten haar vertrouwde grenzen treden en verschillende wijken veroveren. Niet alleen met een eclectisch, rondtrekkend programma, maar ook door de openbare ruimte om te vormen tot \u00e9\u00e9n groot openluchtsalon. Gezelligheid, delen en ontmoeting staan centraal. We nemen afscheid van afgesloten podia: de muziek trekt de straat op [&hellip;]","og_url":"https:\/\/culture.ixelles.be\/nl\/la-fete-de-la-musique-in-elsene\/","og_site_name":"Ixelles","article_published_time":"2026-03-25T13:17:09+00:00","article_modified_time":"2026-04-29T10:08:55+00:00","og_image":[{"width":731,"height":1024,"url":"https:\/\/culture.ixelles.be\/wp-content\/uploads\/2026\/03\/FDM-2025-A2-GEN-SANS-LOGOS-731x1024.jpg","type":"image\/jpeg"}],"author":"Sara Vanhegen","twitter_card":"summary_large_image","twitter_misc":{"Geschreven door":"Sara Vanhegen","Geschatte leestijd":"8 minuten"},"schema":{"@context":"https:\/\/schema.org","@graph":[{"@type":"Article","@id":"https:\/\/culture.ixelles.be\/nl\/la-fete-de-la-musique-in-elsene\/#article","isPartOf":{"@id":"https:\/\/culture.ixelles.be\/nl\/la-fete-de-la-musique-in-elsene\/"},"author":{"name":"Sara Vanhegen","@id":"https:\/\/culture.ixelles.be\/nl\/#\/schema\/person\/8a8a57f356e2d06370ce945b2c01f57b"},"headline":"La F\u00eate de la Musique in Elsene","datePublished":"2026-03-25T13:17:09+00:00","dateModified":"2026-04-29T10:08:55+00:00","mainEntityOfPage":{"@id":"https:\/\/culture.ixelles.be\/nl\/la-fete-de-la-musique-in-elsene\/"},"wordCount":1419,"publisher":{"@id":"https:\/\/culture.ixelles.be\/nl\/#organization"},"image":{"@id":"https:\/\/culture.ixelles.be\/nl\/la-fete-de-la-musique-in-elsene\/#primaryimage"},"thumbnailUrl":"https:\/\/culture.ixelles.be\/wp-content\/uploads\/2026\/03\/FDM-2025-A2-GEN-SANS-LOGOS.jpg","articleSection":["Evenementen","Geen onderdeel van een categorie","In de kijker","Pinned article"],"inLanguage":"nl-NL"},{"@type":"WebPage","@id":"https:\/\/culture.ixelles.be\/nl\/la-fete-de-la-musique-in-elsene\/","url":"https:\/\/culture.ixelles.be\/nl\/la-fete-de-la-musique-in-elsene\/","name":"La F\u00eate de la Musique in Elsene - Ixelles","isPartOf":{"@id":"https:\/\/culture.ixelles.be\/nl\/#website"},"primaryImageOfPage":{"@id":"https:\/\/culture.ixelles.be\/nl\/la-fete-de-la-musique-in-elsene\/#primaryimage"},"image":{"@id":"https:\/\/culture.ixelles.be\/nl\/la-fete-de-la-musique-in-elsene\/#primaryimage"},"thumbnailUrl":"https:\/\/culture.ixelles.be\/wp-content\/uploads\/2026\/03\/FDM-2025-A2-GEN-SANS-LOGOS.jpg","datePublished":"2026-03-25T13:17:09+00:00","dateModified":"2026-04-29T10:08:55+00:00","breadcrumb":{"@id":"https:\/\/culture.ixelles.be\/nl\/la-fete-de-la-musique-in-elsene\/#breadcrumb"},"inLanguage":"nl-NL","potentialAction":[{"@type":"ReadAction","target":["https:\/\/culture.ixelles.be\/nl\/la-fete-de-la-musique-in-elsene\/"]}]},{"@type":"ImageObject","inLanguage":"nl-NL","@id":"https:\/\/culture.ixelles.be\/nl\/la-fete-de-la-musique-in-elsene\/#primaryimage","url":"https:\/\/culture.ixelles.be\/wp-content\/uploads\/2026\/03\/FDM-2025-A2-GEN-SANS-LOGOS.jpg","contentUrl":"https:\/\/culture.ixelles.be\/wp-content\/uploads\/2026\/03\/FDM-2025-A2-GEN-SANS-LOGOS.jpg","width":5136,"height":7191},{"@type":"BreadcrumbList","@id":"https:\/\/culture.ixelles.be\/nl\/la-fete-de-la-musique-in-elsene\/#breadcrumb","itemListElement":[{"@type":"ListItem","position":1,"name":"Accueil","item":"https:\/\/culture.ixelles.be\/nl\/"},{"@type":"ListItem","position":2,"name":"La F\u00eate de la Musique in Elsene"}]},{"@type":"WebSite","@id":"https:\/\/culture.ixelles.be\/nl\/#website","url":"https:\/\/culture.ixelles.be\/nl\/","name":"Ixelles","description":"","publisher":{"@id":"https:\/\/culture.ixelles.be\/nl\/#organization"},"potentialAction":[{"@type":"SearchAction","target":{"@type":"EntryPoint","urlTemplate":"https:\/\/culture.ixelles.be\/nl\/?s={search_term_string}"},"query-input":{"@type":"PropertyValueSpecification","valueRequired":true,"valueName":"search_term_string"}}],"inLanguage":"nl-NL"},{"@type":"Organization","@id":"https:\/\/culture.ixelles.be\/nl\/#organization","name":"Service culture Ixelles","url":"https:\/\/culture.ixelles.be\/nl\/","logo":{"@type":"ImageObject","inLanguage":"nl-NL","@id":"https:\/\/culture.ixelles.be\/nl\/#\/schema\/logo\/image\/","url":"https:\/\/culture.ixelles.be\/wp-content\/uploads\/2021\/05\/ixelles_green.svg","contentUrl":"https:\/\/culture.ixelles.be\/wp-content\/uploads\/2021\/05\/ixelles_green.svg","width":1,"height":1,"caption":"Service culture Ixelles"},"image":{"@id":"https:\/\/culture.ixelles.be\/nl\/#\/schema\/logo\/image\/"}},{"@type":"Person","@id":"https:\/\/culture.ixelles.be\/nl\/#\/schema\/person\/8a8a57f356e2d06370ce945b2c01f57b","name":"Sara Vanhegen","url":"https:\/\/culture.ixelles.be\/nl\/author\/sara-vanhegenixelles-brussels\/"}]}},"jetpack_featured_media_url":"https:\/\/culture.ixelles.be\/wp-content\/uploads\/2026\/03\/FDM-2025-A2-GEN-SANS-LOGOS.jpg","_links":{"self":[{"href":"https:\/\/culture.ixelles.be\/nl\/wp-json\/wp\/v2\/posts\/1905724"}],"collection":[{"href":"https:\/\/culture.ixelles.be\/nl\/wp-json\/wp\/v2\/posts"}],"about":[{"href":"https:\/\/culture.ixelles.be\/nl\/wp-json\/wp\/v2\/types\/post"}],"author":[{"embeddable":true,"href":"https:\/\/culture.ixelles.be\/nl\/wp-json\/wp\/v2\/users\/27"}],"replies":[{"embeddable":true,"href":"https:\/\/culture.ixelles.be\/nl\/wp-json\/wp\/v2\/comments?post=1905724"}],"version-history":[{"count":11,"href":"https:\/\/culture.ixelles.be\/nl\/wp-json\/wp\/v2\/posts\/1905724\/revisions"}],"predecessor-version":[{"id":1905727,"href":"https:\/\/culture.ixelles.be\/nl\/wp-json\/wp\/v2\/posts\/1905724\/revisions\/1905727"}],"wp:featuredmedia":[{"embeddable":true,"href":"https:\/\/culture.ixelles.be\/nl\/wp-json\/wp\/v2\/media\/1896280"}],"wp:attachment":[{"href":"https:\/\/culture.ixelles.be\/nl\/wp-json\/wp\/v2\/media?parent=1905724"}],"wp:term":[{"taxonomy":"category","embeddable":true,"href":"https:\/\/culture.ixelles.be\/nl\/wp-json\/wp\/v2\/categories?post=1905724"},{"taxonomy":"post_tag","embeddable":true,"href":"https:\/\/culture.ixelles.be\/nl\/wp-json\/wp\/v2\/tags?post=1905724"}],"curies":[{"name":"wp","href":"https:\/\/api.w.org\/{rel}","templated":true}]}}