{"id":1989207,"date":"2026-09-01T11:21:44","date_gmt":"2026-09-01T11:21:44","guid":{"rendered":"https:\/\/culture.ixelles.be\/?p=1989207"},"modified":"2026-09-01T11:27:43","modified_gmt":"2026-09-01T11:27:43","slug":"de-start-van-het-beeldende-kunstseizoen-wat-blijft-wat-verandert","status":"publish","type":"post","link":"https:\/\/culture.ixelles.be\/nl\/de-start-van-het-beeldende-kunstseizoen-wat-blijft-wat-verandert\/","title":{"rendered":"De start van het beeldende kunstseizoen: wat blijft, wat verandert"},"content":{"rendered":"<div style=\"margin-top: 0px; margin-bottom: 0px;\" class=\"sharethis-inline-share-buttons\" ><\/div><h2><img loading=\"lazy\" decoding=\"async\" class=\"alignnone wp-image-1989179 size-full aligncenter\" src=\"https:\/\/culture.ixelles.be\/wp-content\/uploads\/2026\/09\/POST-KULT-XL-18-1-1.png\" alt=\"\" width=\"1920\" height=\"1080\" srcset=\"https:\/\/culture.ixelles.be\/wp-content\/uploads\/2026\/09\/POST-KULT-XL-18-1-1.png 1920w, https:\/\/culture.ixelles.be\/wp-content\/uploads\/2026\/09\/POST-KULT-XL-18-1-1-300x169.png 300w, https:\/\/culture.ixelles.be\/wp-content\/uploads\/2026\/09\/POST-KULT-XL-18-1-1-1024x576.png 1024w, https:\/\/culture.ixelles.be\/wp-content\/uploads\/2026\/09\/POST-KULT-XL-18-1-1-768x432.png 768w, https:\/\/culture.ixelles.be\/wp-content\/uploads\/2026\/09\/POST-KULT-XL-18-1-1-1536x864.png 1536w, https:\/\/culture.ixelles.be\/wp-content\/uploads\/2026\/09\/POST-KULT-XL-18-1-1-800x450.png 800w, https:\/\/culture.ixelles.be\/wp-content\/uploads\/2026\/09\/POST-KULT-XL-18-1-1-1280x720.png 1280w\" sizes=\"(max-width: 1920px) 100vw, 1920px\" \/><\/h2>\n<h3 style=\"text-align: center;\"><\/h3>\n<h3 class=\"isSelectedEnd\" style=\"text-align: center;\">Landschappen in beweging, materialen, sporen en nieuwe manieren van cre\u00ebren. Dit najaar nodigt de beeldende kunst in Elsene je uit om met een frisse blik naar je omgeving te kijken. In 2026 valt er op verschillende momenten heel wat te ontdekken, telkens vanuit een andere blik op kunst en de wereld rondom ons.<\/h3>\n<p>&nbsp;<\/p>\n<p class=\"isSelectedEnd\" style=\"text-align: center;\"><img loading=\"lazy\" decoding=\"async\" class=\"alignnone wp-image-1989161 size-full\" src=\"https:\/\/culture.ixelles.be\/wp-content\/uploads\/2026\/09\/POST-KULT-XL-17-1.png\" alt=\"\" width=\"1920\" height=\"1080\" srcset=\"https:\/\/culture.ixelles.be\/wp-content\/uploads\/2026\/09\/POST-KULT-XL-17-1.png 1920w, https:\/\/culture.ixelles.be\/wp-content\/uploads\/2026\/09\/POST-KULT-XL-17-1-300x169.png 300w, https:\/\/culture.ixelles.be\/wp-content\/uploads\/2026\/09\/POST-KULT-XL-17-1-1024x576.png 1024w, https:\/\/culture.ixelles.be\/wp-content\/uploads\/2026\/09\/POST-KULT-XL-17-1-768x432.png 768w, https:\/\/culture.ixelles.be\/wp-content\/uploads\/2026\/09\/POST-KULT-XL-17-1-1536x864.png 1536w, https:\/\/culture.ixelles.be\/wp-content\/uploads\/2026\/09\/POST-KULT-XL-17-1-800x450.png 800w, https:\/\/culture.ixelles.be\/wp-content\/uploads\/2026\/09\/POST-KULT-XL-17-1-1280x720.png 1280w\" sizes=\"(max-width: 1920px) 100vw, 1920px\" \/><\/p>\n<p>&nbsp;<\/p>\n<p style=\"text-align: center;\">In de <strong>Kapel van Boondaal<\/strong> gaat <em>Landslide<\/em> op zoek naar een andere kijk op landschap, materiaal en tijd. <strong>Agathe Bertin, Luca Vanello en Julia Renaudot<\/strong> brengen installaties, sculpturen en visuele werken samen rond verandering, kwetsbaarheid en wederopbouw. Wat blijft er over na een val? Fragmenten, sporen, resten\u2026 maar ook ruimte voor iets nieuws. Tussen architectuur, ru\u00efne en dystopische verbeelding ontstaat een landschap dat voortdurend in beweging is, waarin afbraak en creatie elkaar lijken af te wisselen.<\/p>\n<p>&nbsp;<\/p>\n<p class=\"default\" style=\"text-align: center;\"><strong>04.09 &gt; 27.09<\/strong><\/p>\n<p style=\"text-align: center;\"><em><strong>Vernissage op 04.09 om 18:00<\/strong><\/em><\/p>\n<p class=\"default\" style=\"text-align: center;\">Do. Vr. Zo. 14:00 &gt; 18:00<\/p>\n<p class=\"default\" style=\"text-align: center;\">Za. 11:00 &gt; 18:00<\/p>\n<p>&nbsp;<\/p>\n<p>&nbsp;<\/p>\n<p style=\"text-align: center;\"><img loading=\"lazy\" decoding=\"async\" class=\"alignnone wp-image-1989155 size-full\" src=\"https:\/\/culture.ixelles.be\/wp-content\/uploads\/2026\/09\/POST-KULT-XL-18.png\" alt=\"\" width=\"1920\" height=\"1080\" srcset=\"https:\/\/culture.ixelles.be\/wp-content\/uploads\/2026\/09\/POST-KULT-XL-18.png 1920w, https:\/\/culture.ixelles.be\/wp-content\/uploads\/2026\/09\/POST-KULT-XL-18-300x169.png 300w, https:\/\/culture.ixelles.be\/wp-content\/uploads\/2026\/09\/POST-KULT-XL-18-1024x576.png 1024w, https:\/\/culture.ixelles.be\/wp-content\/uploads\/2026\/09\/POST-KULT-XL-18-768x432.png 768w, https:\/\/culture.ixelles.be\/wp-content\/uploads\/2026\/09\/POST-KULT-XL-18-1536x864.png 1536w, https:\/\/culture.ixelles.be\/wp-content\/uploads\/2026\/09\/POST-KULT-XL-18-800x450.png 800w, https:\/\/culture.ixelles.be\/wp-content\/uploads\/2026\/09\/POST-KULT-XL-18-1280x720.png 1280w\" sizes=\"(max-width: 1920px) 100vw, 1920px\" \/><\/p>\n<p>&nbsp;<\/p>\n<p style=\"text-align: center;\">Niet ver daarvandaan presenteert <strong>KULT XL Expo<\/strong> <em>Lithologies<\/em>, de eerste solotentoonstelling van <strong>Veronica de Giovanelli<\/strong> in Brussel. De kunstenares onderzoekt er het minerale landschap met schilderijen, collages, frottages en installaties. Door verschillende lagen over elkaar te leggen, laat ze landschappen langzaam vervagen en overgaan in materie en sporen. In haar recente werk rond Belgische blauwe hardsteen brengt ze ook sporen van verdwenen landschappen aan de oppervlakte. Zo maakt ze zichtbaar wat er onder onze voeten verborgen ligt en hoe ver het verleden van onze stad teruggaat.<\/p>\n<p>&nbsp;<\/p>\n<p style=\"text-align: center;\"><strong>12.09\u00a0 &gt; 04.10<\/strong><\/p>\n<p style=\"text-align: center;\"><em><strong>Vernissage op 11.09 om 17:00<\/strong><\/em><\/p>\n<p style=\"text-align: center;\">Do. &gt; Zo. 15:00 &gt; 19:00<\/p>\n<p>&nbsp;<\/p>\n<p style=\"text-align: center;\"><strong>Twee tentoonstellingen, twee blikken op wat onze landschappen vormgeeft en op wat er onder het oppervlak schuilgaat.<\/strong><\/p>\n<p>&nbsp;<\/p>\n<p>&nbsp;<\/p>\n<h2 style=\"text-align: center;\">Ontmoet de artiesten<\/h2>\n<p class=\"isSelectedEnd\" style=\"text-align: center;\"><img loading=\"lazy\" decoding=\"async\" class=\"alignnone wp-image-1989152 size-full\" src=\"https:\/\/culture.ixelles.be\/wp-content\/uploads\/2026\/09\/790457623_1097152479633960_3644476912932442369_n.jpg\" alt=\"\" width=\"1920\" height=\"1080\" srcset=\"https:\/\/culture.ixelles.be\/wp-content\/uploads\/2026\/09\/790457623_1097152479633960_3644476912932442369_n.jpg 1920w, https:\/\/culture.ixelles.be\/wp-content\/uploads\/2026\/09\/790457623_1097152479633960_3644476912932442369_n-300x169.jpg 300w, https:\/\/culture.ixelles.be\/wp-content\/uploads\/2026\/09\/790457623_1097152479633960_3644476912932442369_n-1024x576.jpg 1024w, https:\/\/culture.ixelles.be\/wp-content\/uploads\/2026\/09\/790457623_1097152479633960_3644476912932442369_n-768x432.jpg 768w, https:\/\/culture.ixelles.be\/wp-content\/uploads\/2026\/09\/790457623_1097152479633960_3644476912932442369_n-1536x864.jpg 1536w, https:\/\/culture.ixelles.be\/wp-content\/uploads\/2026\/09\/790457623_1097152479633960_3644476912932442369_n-800x450.jpg 800w, https:\/\/culture.ixelles.be\/wp-content\/uploads\/2026\/09\/790457623_1097152479633960_3644476912932442369_n-1280x720.jpg 1280w\" sizes=\"(max-width: 1920px) 100vw, 1920px\" \/><\/p>\n<p>&nbsp;<\/p>\n<p class=\"isSelectedEnd\" style=\"text-align: center;\">De start van het nieuwe kunstseizoen is ook het moment om kunstenaars aan het werk te zien, vlak bij de plek waar hun werk ontstaat.<\/p>\n<p class=\"isSelectedEnd\" style=\"text-align: center;\">In het kader van <strong><a href=\"https:\/\/rendezvousbxl.com\/\">Rendez-Vous (Brussels Art Week)<\/a><\/strong> openen de kunstenaars van <strong>KULT XL Ateliers<\/strong> op <strong>zondag 13 september van 15 tot 19 uur<\/strong> de deuren van hun ateliers. Twee locaties, zes kunstenaars en een unieke kans om binnen te kijken, de kunstenaars te ontmoeten en hun werk van dichtbij te ontdekken.<\/p>\n<p class=\"isSelectedEnd\" style=\"text-align: center;\"><strong>Wiertzstraat 23<\/strong><br \/>\nAbel Hartooni \u00b7 Maria Saygua Andr\u00e9 \u00b7 Thy Nguy\u1ec5n Truong Minh \u00b7 Juliette Vanwaterloo \u00b7 Siemen Van Gaubergen<\/p>\n<p style=\"text-align: center;\"><strong>Kambrelaan 179<\/strong><br \/>\nAm\u00e9lie Scotta<\/p>\n<p>&nbsp;<\/p>\n<p>&nbsp;<\/p>\n<p style=\"text-align: center;\"><img loading=\"lazy\" decoding=\"async\" class=\"wp-image-1989187 size-full alignleft\" src=\"https:\/\/culture.ixelles.be\/wp-content\/uploads\/2026\/09\/TEMPLATE_HeritageDays_2026_post_1080x1440.jpg\" alt=\"\" width=\"383\" height=\"510\" srcset=\"https:\/\/culture.ixelles.be\/wp-content\/uploads\/2026\/09\/TEMPLATE_HeritageDays_2026_post_1080x1440.jpg 383w, https:\/\/culture.ixelles.be\/wp-content\/uploads\/2026\/09\/TEMPLATE_HeritageDays_2026_post_1080x1440-225x300.jpg 225w\" sizes=\"(max-width: 383px) 100vw, 383px\" \/><\/p>\n<h2 style=\"text-align: center;\"><\/h2>\n<h2 style=\"text-align: center;\"><\/h2>\n<h2 style=\"text-align: center;\"><\/h2>\n<h2 style=\"text-align: center;\">De Kapel van Boondaal neemt deel aan de Open Monumentendagen<\/h2>\n<p style=\"text-align: center;\">De <strong>Open Monumentendagen<\/strong> zijn een mooie gelegenheid om de Kapel van Boondaal opnieuw te ontdekken. Op <strong>zondag 13 en 20 september om 14 uur<\/strong> kan je er deelnemen aan een <strong>rondleiding in het Frans van de tentoonstelling <em>Landslide<\/em><\/strong>. Een mooie kans om het werk van de kunstenaars beter te leren kennen en begrijpen.<\/p>\n<p style=\"text-align: center;\">De rondleidingen zijn gratis en je hoeft niet te reserveren. Kom gewoon ter plaatse langs.<\/p>\n<p>&nbsp;<\/p>\n<p>&nbsp;<\/p>\n<p>&nbsp;<\/p>\n<p>&nbsp;<\/p>\n<p>&nbsp;<\/p>\n<p>&nbsp;<\/p>\n<p>&nbsp;<\/p>\n<p>&nbsp;<\/p>\n<hr \/>\n<h2 style=\"text-align: center;\"><\/h2>\n<h2 style=\"text-align: center;\">Te ontdekken dit najaar<\/h2>\n<p>&nbsp;<\/p>\n<h3 class=\"isSelectedEnd\" style=\"text-align: center;\"><strong>Landslide<\/strong><\/h3>\n<p style=\"text-align: center;\">Agathe Bertin \u00b7 Luca Vanello \u00b7 Julia Renaudot<br \/>\n<em>Kapel van Boondaal, Oude-Lindesquare 10<\/em><\/p>\n<p style=\"text-align: center;\"><strong>04.09 &gt; 27.09<\/strong><\/p>\n<p style=\"text-align: center;\">Do. Vr. Zo. 14:00 &gt; 18:00<\/p>\n<p style=\"text-align: center;\">Za. 11:00 &gt; 18:00<\/p>\n<p style=\"text-align: center;\">Van 24 tot 27 september: installaties en interactieve werken rond de verbeeldingswereld van de tentoonstelling, met Sohel Bourgeau, Barth\u00e9l\u00e9my Cabry en Lucas Leffler.<\/p>\n<p>&nbsp;<\/p>\n<h3 class=\"isSelectedEnd\" style=\"text-align: center;\"><strong>Lithologies<\/strong><\/h3>\n<p class=\"isSelectedEnd\" style=\"text-align: center;\">Veronica de Giovanelli<br \/>\n<em>KULT XL Expo, Wiertzstraat 23<\/em><\/p>\n<p style=\"text-align: center;\"><strong>12.09 &gt; 04.10<\/strong><\/p>\n<p style=\"text-align: center;\">Do. &gt; Zo. 15:00 &gt; 19:00<\/p>\n<p>&nbsp;<\/p>\n<h3 class=\"isSelectedEnd\" style=\"text-align: center;\"><strong>Open Studio Days &#8211; KULT XL Ateliers<\/strong><\/h3>\n<p class=\"isSelectedEnd\" style=\"text-align: center;\"><em>Rue Wiertz 21 &amp; avenue de la Cambre 179<\/em><\/p>\n<p style=\"text-align: center;\">Zondag 13 september 15:00 &gt; 19:00<\/p>\n<p>&nbsp;<\/p>\n<h3 style=\"text-align: center;\"><strong>Open Monumentendagen &#8211; &#8220;Landslide&#8221;<\/strong><\/h3>\n<p style=\"text-align: center;\"><em>Kapel van Boondaal, Oude-Lindesquare 10<\/em><\/p>\n<p class=\"isSelectedEnd\" style=\"text-align: center;\">Zondag 13 en 20 september om 14:00<\/p>\n<p style=\"text-align: center;\">Rondleidingen in het Frans van de tentoonstelling <em>Landslide<\/em><\/p>\n","protected":false},"excerpt":{"rendered":"<p>Landschappen in beweging, materialen, sporen en nieuwe manieren van cre\u00ebren. Dit najaar nodigt de beeldende kunst in Elsene je uit om met een frisse blik naar je omgeving te kijken. In 2026 valt er op verschillende momenten heel wat te ontdekken, telkens vanuit een andere blik op kunst en de wereld rondom ons. &nbsp; &nbsp; [&hellip;]<\/p>\n","protected":false},"author":28,"featured_media":1989201,"comment_status":"closed","ping_status":"closed","sticky":false,"template":"","format":"standard","meta":{"_acf_changed":false,"_monsterinsights_skip_tracking":false,"footnotes":""},"categories":[192,125],"tags":[],"acf":[],"yoast_head":"<!-- This site is optimized with the Yoast SEO plugin v24.5 - https:\/\/yoast.com\/wordpress\/plugins\/seo\/ -->\n<title>De start van het beeldende kunstseizoen: wat blijft, wat verandert - Ixelles<\/title>\n<meta name=\"description\" content=\"Voltigez d\u2019\u00e9motions le temps d\u2019une apr\u00e8s-midi gratuite de musique, de spectacle et d&#039;animations : partez \u00e0 la rencontre des acteurs culturels ixelloisLa rentr\u00e9e scolaire marque aussi le d\u00e9but d\u2019une nouvelle saison culturelle \u00e0 Ixelles. Pour la lancer, les partenaires culturels de la Commune vous donnent rendez-vous le samedi 19 septembre sur la place Fernand Cocq.\" \/>\n<meta name=\"robots\" content=\"index, follow, max-snippet:-1, max-image-preview:large, max-video-preview:-1\" \/>\n<link rel=\"canonical\" href=\"https:\/\/culture.ixelles.be\/nl\/de-start-van-het-beeldende-kunstseizoen-wat-blijft-wat-verandert\/\" \/>\n<meta property=\"og:locale\" content=\"nl_NL\" \/>\n<meta property=\"og:type\" content=\"article\" \/>\n<meta property=\"og:title\" content=\"De start van het beeldende kunstseizoen: wat blijft, wat verandert - Ixelles\" \/>\n<meta property=\"og:description\" content=\"Voltigez d\u2019\u00e9motions le temps d\u2019une apr\u00e8s-midi gratuite de musique, de spectacle et d&#039;animations : partez \u00e0 la rencontre des acteurs culturels ixelloisLa rentr\u00e9e scolaire marque aussi le d\u00e9but d\u2019une nouvelle saison culturelle \u00e0 Ixelles. Pour la lancer, les partenaires culturels de la Commune vous donnent rendez-vous le samedi 19 septembre sur la place Fernand Cocq.\" \/>\n<meta property=\"og:url\" content=\"https:\/\/culture.ixelles.be\/nl\/de-start-van-het-beeldende-kunstseizoen-wat-blijft-wat-verandert\/\" \/>\n<meta property=\"og:site_name\" content=\"Ixelles\" \/>\n<meta property=\"article:published_time\" content=\"2026-09-01T11:21:44+00:00\" \/>\n<meta property=\"article:modified_time\" content=\"2026-09-01T11:27:43+00:00\" \/>\n<meta property=\"og:image\" content=\"https:\/\/culture.ixelles.be\/wp-content\/uploads\/2026\/09\/778139728_1697599692365491_2284714718376037763_n.jpg\" \/>\n\t<meta property=\"og:image:width\" content=\"1474\" \/>\n\t<meta property=\"og:image:height\" content=\"2048\" \/>\n\t<meta property=\"og:image:type\" content=\"image\/jpeg\" \/>\n<meta name=\"author\" content=\"simon_laroche\" \/>\n<meta name=\"twitter:card\" content=\"summary_large_image\" \/>\n<meta name=\"twitter:label1\" content=\"Geschreven door\" \/>\n\t<meta name=\"twitter:data1\" content=\"simon_laroche\" \/>\n\t<meta name=\"twitter:label2\" content=\"Geschatte leestijd\" \/>\n\t<meta name=\"twitter:data2\" content=\"5 minuten\" \/>\n<script type=\"application\/ld+json\" class=\"yoast-schema-graph\">{\"@context\":\"https:\/\/schema.org\",\"@graph\":[{\"@type\":\"Article\",\"@id\":\"https:\/\/culture.ixelles.be\/nl\/de-start-van-het-beeldende-kunstseizoen-wat-blijft-wat-verandert\/#article\",\"isPartOf\":{\"@id\":\"https:\/\/culture.ixelles.be\/nl\/de-start-van-het-beeldende-kunstseizoen-wat-blijft-wat-verandert\/\"},\"author\":{\"name\":\"simon_laroche\",\"@id\":\"https:\/\/culture.ixelles.be\/nl\/#\/schema\/person\/7928b1a8db15a0c1c763a848d3e94fc3\"},\"headline\":\"De start van het beeldende kunstseizoen: wat blijft, wat verandert\",\"datePublished\":\"2026-09-01T11:21:44+00:00\",\"dateModified\":\"2026-09-01T11:27:43+00:00\",\"mainEntityOfPage\":{\"@id\":\"https:\/\/culture.ixelles.be\/nl\/de-start-van-het-beeldende-kunstseizoen-wat-blijft-wat-verandert\/\"},\"wordCount\":553,\"publisher\":{\"@id\":\"https:\/\/culture.ixelles.be\/nl\/#organization\"},\"image\":{\"@id\":\"https:\/\/culture.ixelles.be\/nl\/de-start-van-het-beeldende-kunstseizoen-wat-blijft-wat-verandert\/#primaryimage\"},\"thumbnailUrl\":\"https:\/\/culture.ixelles.be\/wp-content\/uploads\/2026\/09\/778139728_1697599692365491_2284714718376037763_n.jpg\",\"articleSection\":[\"Evenementen\",\"Geen onderdeel van een categorie\"],\"inLanguage\":\"nl-NL\"},{\"@type\":\"WebPage\",\"@id\":\"https:\/\/culture.ixelles.be\/nl\/de-start-van-het-beeldende-kunstseizoen-wat-blijft-wat-verandert\/\",\"url\":\"https:\/\/culture.ixelles.be\/nl\/de-start-van-het-beeldende-kunstseizoen-wat-blijft-wat-verandert\/\",\"name\":\"De start van het beeldende kunstseizoen: wat blijft, wat verandert - Ixelles\",\"isPartOf\":{\"@id\":\"https:\/\/culture.ixelles.be\/nl\/#website\"},\"primaryImageOfPage\":{\"@id\":\"https:\/\/culture.ixelles.be\/nl\/de-start-van-het-beeldende-kunstseizoen-wat-blijft-wat-verandert\/#primaryimage\"},\"image\":{\"@id\":\"https:\/\/culture.ixelles.be\/nl\/de-start-van-het-beeldende-kunstseizoen-wat-blijft-wat-verandert\/#primaryimage\"},\"thumbnailUrl\":\"https:\/\/culture.ixelles.be\/wp-content\/uploads\/2026\/09\/778139728_1697599692365491_2284714718376037763_n.jpg\",\"datePublished\":\"2026-09-01T11:21:44+00:00\",\"dateModified\":\"2026-09-01T11:27:43+00:00\",\"description\":\"Voltigez d\u2019\u00e9motions le temps d\u2019une apr\u00e8s-midi gratuite de musique, de spectacle et d'animations : partez \u00e0 la rencontre des acteurs culturels ixelloisLa rentr\u00e9e scolaire marque aussi le d\u00e9but d\u2019une nouvelle saison culturelle \u00e0 Ixelles. Pour la lancer, les partenaires culturels de la Commune vous donnent rendez-vous le samedi 19 septembre sur la place Fernand Cocq.\",\"breadcrumb\":{\"@id\":\"https:\/\/culture.ixelles.be\/nl\/de-start-van-het-beeldende-kunstseizoen-wat-blijft-wat-verandert\/#breadcrumb\"},\"inLanguage\":\"nl-NL\",\"potentialAction\":[{\"@type\":\"ReadAction\",\"target\":[\"https:\/\/culture.ixelles.be\/nl\/de-start-van-het-beeldende-kunstseizoen-wat-blijft-wat-verandert\/\"]}]},{\"@type\":\"ImageObject\",\"inLanguage\":\"nl-NL\",\"@id\":\"https:\/\/culture.ixelles.be\/nl\/de-start-van-het-beeldende-kunstseizoen-wat-blijft-wat-verandert\/#primaryimage\",\"url\":\"https:\/\/culture.ixelles.be\/wp-content\/uploads\/2026\/09\/778139728_1697599692365491_2284714718376037763_n.jpg\",\"contentUrl\":\"https:\/\/culture.ixelles.be\/wp-content\/uploads\/2026\/09\/778139728_1697599692365491_2284714718376037763_n.jpg\",\"width\":1474,\"height\":2048},{\"@type\":\"BreadcrumbList\",\"@id\":\"https:\/\/culture.ixelles.be\/nl\/de-start-van-het-beeldende-kunstseizoen-wat-blijft-wat-verandert\/#breadcrumb\",\"itemListElement\":[{\"@type\":\"ListItem\",\"position\":1,\"name\":\"Accueil\",\"item\":\"https:\/\/culture.ixelles.be\/nl\/\"},{\"@type\":\"ListItem\",\"position\":2,\"name\":\"De start van het beeldende kunstseizoen: wat blijft, wat verandert\"}]},{\"@type\":\"WebSite\",\"@id\":\"https:\/\/culture.ixelles.be\/nl\/#website\",\"url\":\"https:\/\/culture.ixelles.be\/nl\/\",\"name\":\"Ixelles\",\"description\":\"\",\"publisher\":{\"@id\":\"https:\/\/culture.ixelles.be\/nl\/#organization\"},\"potentialAction\":[{\"@type\":\"SearchAction\",\"target\":{\"@type\":\"EntryPoint\",\"urlTemplate\":\"https:\/\/culture.ixelles.be\/nl\/?s={search_term_string}\"},\"query-input\":{\"@type\":\"PropertyValueSpecification\",\"valueRequired\":true,\"valueName\":\"search_term_string\"}}],\"inLanguage\":\"nl-NL\"},{\"@type\":\"Organization\",\"@id\":\"https:\/\/culture.ixelles.be\/nl\/#organization\",\"name\":\"Service culture Ixelles\",\"url\":\"https:\/\/culture.ixelles.be\/nl\/\",\"logo\":{\"@type\":\"ImageObject\",\"inLanguage\":\"nl-NL\",\"@id\":\"https:\/\/culture.ixelles.be\/nl\/#\/schema\/logo\/image\/\",\"url\":\"https:\/\/culture.ixelles.be\/wp-content\/uploads\/2021\/05\/ixelles_green.svg\",\"contentUrl\":\"https:\/\/culture.ixelles.be\/wp-content\/uploads\/2021\/05\/ixelles_green.svg\",\"width\":1,\"height\":1,\"caption\":\"Service culture Ixelles\"},\"image\":{\"@id\":\"https:\/\/culture.ixelles.be\/nl\/#\/schema\/logo\/image\/\"}},{\"@type\":\"Person\",\"@id\":\"https:\/\/culture.ixelles.be\/nl\/#\/schema\/person\/7928b1a8db15a0c1c763a848d3e94fc3\",\"name\":\"simon_laroche\",\"url\":\"https:\/\/culture.ixelles.be\/nl\/author\/simon_laroche\/\"}]}<\/script>\n<!-- \/ Yoast SEO plugin. -->","yoast_head_json":{"title":"De start van het beeldende kunstseizoen: wat blijft, wat verandert - Ixelles","description":"Voltigez d\u2019\u00e9motions le temps d\u2019une apr\u00e8s-midi gratuite de musique, de spectacle et d'animations : partez \u00e0 la rencontre des acteurs culturels ixelloisLa rentr\u00e9e scolaire marque aussi le d\u00e9but d\u2019une nouvelle saison culturelle \u00e0 Ixelles. Pour la lancer, les partenaires culturels de la Commune vous donnent rendez-vous le samedi 19 septembre sur la place Fernand Cocq.","robots":{"index":"index","follow":"follow","max-snippet":"max-snippet:-1","max-image-preview":"max-image-preview:large","max-video-preview":"max-video-preview:-1"},"canonical":"https:\/\/culture.ixelles.be\/nl\/de-start-van-het-beeldende-kunstseizoen-wat-blijft-wat-verandert\/","og_locale":"nl_NL","og_type":"article","og_title":"De start van het beeldende kunstseizoen: wat blijft, wat verandert - Ixelles","og_description":"Voltigez d\u2019\u00e9motions le temps d\u2019une apr\u00e8s-midi gratuite de musique, de spectacle et d'animations : partez \u00e0 la rencontre des acteurs culturels ixelloisLa rentr\u00e9e scolaire marque aussi le d\u00e9but d\u2019une nouvelle saison culturelle \u00e0 Ixelles. Pour la lancer, les partenaires culturels de la Commune vous donnent rendez-vous le samedi 19 septembre sur la place Fernand Cocq.","og_url":"https:\/\/culture.ixelles.be\/nl\/de-start-van-het-beeldende-kunstseizoen-wat-blijft-wat-verandert\/","og_site_name":"Ixelles","article_published_time":"2026-09-01T11:21:44+00:00","article_modified_time":"2026-09-01T11:27:43+00:00","og_image":[{"width":1474,"height":2048,"url":"https:\/\/culture.ixelles.be\/wp-content\/uploads\/2026\/09\/778139728_1697599692365491_2284714718376037763_n.jpg","type":"image\/jpeg"}],"author":"simon_laroche","twitter_card":"summary_large_image","twitter_misc":{"Geschreven door":"simon_laroche","Geschatte leestijd":"5 minuten"},"schema":{"@context":"https:\/\/schema.org","@graph":[{"@type":"Article","@id":"https:\/\/culture.ixelles.be\/nl\/de-start-van-het-beeldende-kunstseizoen-wat-blijft-wat-verandert\/#article","isPartOf":{"@id":"https:\/\/culture.ixelles.be\/nl\/de-start-van-het-beeldende-kunstseizoen-wat-blijft-wat-verandert\/"},"author":{"name":"simon_laroche","@id":"https:\/\/culture.ixelles.be\/nl\/#\/schema\/person\/7928b1a8db15a0c1c763a848d3e94fc3"},"headline":"De start van het beeldende kunstseizoen: wat blijft, wat verandert","datePublished":"2026-09-01T11:21:44+00:00","dateModified":"2026-09-01T11:27:43+00:00","mainEntityOfPage":{"@id":"https:\/\/culture.ixelles.be\/nl\/de-start-van-het-beeldende-kunstseizoen-wat-blijft-wat-verandert\/"},"wordCount":553,"publisher":{"@id":"https:\/\/culture.ixelles.be\/nl\/#organization"},"image":{"@id":"https:\/\/culture.ixelles.be\/nl\/de-start-van-het-beeldende-kunstseizoen-wat-blijft-wat-verandert\/#primaryimage"},"thumbnailUrl":"https:\/\/culture.ixelles.be\/wp-content\/uploads\/2026\/09\/778139728_1697599692365491_2284714718376037763_n.jpg","articleSection":["Evenementen","Geen onderdeel van een categorie"],"inLanguage":"nl-NL"},{"@type":"WebPage","@id":"https:\/\/culture.ixelles.be\/nl\/de-start-van-het-beeldende-kunstseizoen-wat-blijft-wat-verandert\/","url":"https:\/\/culture.ixelles.be\/nl\/de-start-van-het-beeldende-kunstseizoen-wat-blijft-wat-verandert\/","name":"De start van het beeldende kunstseizoen: wat blijft, wat verandert - Ixelles","isPartOf":{"@id":"https:\/\/culture.ixelles.be\/nl\/#website"},"primaryImageOfPage":{"@id":"https:\/\/culture.ixelles.be\/nl\/de-start-van-het-beeldende-kunstseizoen-wat-blijft-wat-verandert\/#primaryimage"},"image":{"@id":"https:\/\/culture.ixelles.be\/nl\/de-start-van-het-beeldende-kunstseizoen-wat-blijft-wat-verandert\/#primaryimage"},"thumbnailUrl":"https:\/\/culture.ixelles.be\/wp-content\/uploads\/2026\/09\/778139728_1697599692365491_2284714718376037763_n.jpg","datePublished":"2026-09-01T11:21:44+00:00","dateModified":"2026-09-01T11:27:43+00:00","description":"Voltigez d\u2019\u00e9motions le temps d\u2019une apr\u00e8s-midi gratuite de musique, de spectacle et d'animations : partez \u00e0 la rencontre des acteurs culturels ixelloisLa rentr\u00e9e scolaire marque aussi le d\u00e9but d\u2019une nouvelle saison culturelle \u00e0 Ixelles. Pour la lancer, les partenaires culturels de la Commune vous donnent rendez-vous le samedi 19 septembre sur la place Fernand Cocq.","breadcrumb":{"@id":"https:\/\/culture.ixelles.be\/nl\/de-start-van-het-beeldende-kunstseizoen-wat-blijft-wat-verandert\/#breadcrumb"},"inLanguage":"nl-NL","potentialAction":[{"@type":"ReadAction","target":["https:\/\/culture.ixelles.be\/nl\/de-start-van-het-beeldende-kunstseizoen-wat-blijft-wat-verandert\/"]}]},{"@type":"ImageObject","inLanguage":"nl-NL","@id":"https:\/\/culture.ixelles.be\/nl\/de-start-van-het-beeldende-kunstseizoen-wat-blijft-wat-verandert\/#primaryimage","url":"https:\/\/culture.ixelles.be\/wp-content\/uploads\/2026\/09\/778139728_1697599692365491_2284714718376037763_n.jpg","contentUrl":"https:\/\/culture.ixelles.be\/wp-content\/uploads\/2026\/09\/778139728_1697599692365491_2284714718376037763_n.jpg","width":1474,"height":2048},{"@type":"BreadcrumbList","@id":"https:\/\/culture.ixelles.be\/nl\/de-start-van-het-beeldende-kunstseizoen-wat-blijft-wat-verandert\/#breadcrumb","itemListElement":[{"@type":"ListItem","position":1,"name":"Accueil","item":"https:\/\/culture.ixelles.be\/nl\/"},{"@type":"ListItem","position":2,"name":"De start van het beeldende kunstseizoen: wat blijft, wat verandert"}]},{"@type":"WebSite","@id":"https:\/\/culture.ixelles.be\/nl\/#website","url":"https:\/\/culture.ixelles.be\/nl\/","name":"Ixelles","description":"","publisher":{"@id":"https:\/\/culture.ixelles.be\/nl\/#organization"},"potentialAction":[{"@type":"SearchAction","target":{"@type":"EntryPoint","urlTemplate":"https:\/\/culture.ixelles.be\/nl\/?s={search_term_string}"},"query-input":{"@type":"PropertyValueSpecification","valueRequired":true,"valueName":"search_term_string"}}],"inLanguage":"nl-NL"},{"@type":"Organization","@id":"https:\/\/culture.ixelles.be\/nl\/#organization","name":"Service culture Ixelles","url":"https:\/\/culture.ixelles.be\/nl\/","logo":{"@type":"ImageObject","inLanguage":"nl-NL","@id":"https:\/\/culture.ixelles.be\/nl\/#\/schema\/logo\/image\/","url":"https:\/\/culture.ixelles.be\/wp-content\/uploads\/2021\/05\/ixelles_green.svg","contentUrl":"https:\/\/culture.ixelles.be\/wp-content\/uploads\/2021\/05\/ixelles_green.svg","width":1,"height":1,"caption":"Service culture Ixelles"},"image":{"@id":"https:\/\/culture.ixelles.be\/nl\/#\/schema\/logo\/image\/"}},{"@type":"Person","@id":"https:\/\/culture.ixelles.be\/nl\/#\/schema\/person\/7928b1a8db15a0c1c763a848d3e94fc3","name":"simon_laroche","url":"https:\/\/culture.ixelles.be\/nl\/author\/simon_laroche\/"}]}},"jetpack_featured_media_url":"https:\/\/culture.ixelles.be\/wp-content\/uploads\/2026\/09\/778139728_1697599692365491_2284714718376037763_n.jpg","_links":{"self":[{"href":"https:\/\/culture.ixelles.be\/nl\/wp-json\/wp\/v2\/posts\/1989207"}],"collection":[{"href":"https:\/\/culture.ixelles.be\/nl\/wp-json\/wp\/v2\/posts"}],"about":[{"href":"https:\/\/culture.ixelles.be\/nl\/wp-json\/wp\/v2\/types\/post"}],"author":[{"embeddable":true,"href":"https:\/\/culture.ixelles.be\/nl\/wp-json\/wp\/v2\/users\/28"}],"replies":[{"embeddable":true,"href":"https:\/\/culture.ixelles.be\/nl\/wp-json\/wp\/v2\/comments?post=1989207"}],"version-history":[{"count":4,"href":"https:\/\/culture.ixelles.be\/nl\/wp-json\/wp\/v2\/posts\/1989207\/revisions"}],"predecessor-version":[{"id":1989211,"href":"https:\/\/culture.ixelles.be\/nl\/wp-json\/wp\/v2\/posts\/1989207\/revisions\/1989211"}],"wp:featuredmedia":[{"embeddable":true,"href":"https:\/\/culture.ixelles.be\/nl\/wp-json\/wp\/v2\/media\/1989201"}],"wp:attachment":[{"href":"https:\/\/culture.ixelles.be\/nl\/wp-json\/wp\/v2\/media?parent=1989207"}],"wp:term":[{"taxonomy":"category","embeddable":true,"href":"https:\/\/culture.ixelles.be\/nl\/wp-json\/wp\/v2\/categories?post=1989207"},{"taxonomy":"post_tag","embeddable":true,"href":"https:\/\/culture.ixelles.be\/nl\/wp-json\/wp\/v2\/tags?post=1989207"}],"curies":[{"name":"wp","href":"https:\/\/api.w.org\/{rel}","templated":true}]}}